{"id":1809,"date":"2022-09-14T14:31:26","date_gmt":"2022-09-14T14:31:26","guid":{"rendered":"https:\/\/minutaregional.cl\/?p=1809"},"modified":"2022-09-14T14:31:26","modified_gmt":"2022-09-14T14:31:26","slug":"con-tradicional-pampilla-familiar-los-estudiantes-de-la-escuela-camilo-henriquez-disfrutaron-de-una-entretenida-tarde","status":"publish","type":"post","link":"https:\/\/minutaregional.cl\/?p=1809","title":{"rendered":"CON TRADICIONAL PAMPILLA FAMILIAR LOS ESTUDIANTES DE LA ESCUELA CAMILO HENR\u00cdQUEZ DISFRUTARON DE UNA ENTRETENIDA TARDE"},"content":{"rendered":"<div>\n<p class=\"yiv7333910458MsoNormal\" style=\"text-align: justify;\"><span lang=\"ES-CL\">Nuestra querida Escuela Camilo Henr\u00edquez de la localidad de Canelillo, disfrut\u00f3 de una familiar pampilla, junto a la comunidad educativa.<\/span><\/p>\n<p class=\"yiv7333910458MsoNormal\" style=\"text-align: justify;\"><span lang=\"ES-CL\">\u00a0<\/span><span lang=\"ES-CL\">Con \u201cvolantinada\u201d, cuecas y juegos tradicionales, las familias junto con los docentes y asistentes que componen la Escuela Camilo Henr\u00edquez, llevaron a cabo la celebraci\u00f3n de las fiestas patrias de nuestro pa\u00eds.<\/span><\/p>\n<p class=\"yiv7333910458MsoNormal\" style=\"text-align: justify;\"><span lang=\"ES-CL\">\u00a0<\/span><span lang=\"ES-CL\">Para el equipo directivo del establecimiento es muy importante la realizaci\u00f3n de este tipo de actividades para los estudiantes junto a sus familias, ya que, mejora la autoestima, disminuye el estr\u00e9s, la ansiedad y permite desempe\u00f1ar actividades grupales.<\/span><\/p>\n<p class=\"yiv7333910458MsoNormal\"><span lang=\"ES-CL\">\u00a0<\/span><b><span lang=\"ES-CL\">Visite, comparta y suscr\u00edbase al canal de noticias de YouTube y nuestro sitio web<\/span><\/b><\/p>\n<p class=\"yiv7333910458MsoNormal\" align=\"center\"><span lang=\"ES-CL\"><a href=\"https:\/\/www.youtube.com\/channel\/UCKqVGapJI4lbTFpKPdsEiOg\" target=\"_blank\" rel=\"nofollow noopener noreferrer\"><b>https:\/\/www.youtube.com\/channel\/UCKqVGapJI4lbTFpKPdsEiOg<\/b><\/a><\/span><b><\/b><\/p>\n<p class=\"yiv7333910458MsoNormal\" align=\"center\"><span lang=\"ES-CL\"><a href=\"http:\/\/www.daemillapel.cl\/\" target=\"_blank\" rel=\"nofollow noopener noreferrer\"><b>www.daemillapel.cl<\/b><\/a><\/span><b><\/b><\/p>\n<p class=\"yiv7333910458MsoNormal\"><strong><span lang=\"ES-CL\">DAEM ILLAPEL<\/span><\/strong><\/p>\n<\/div>\n<p>&#8212;<\/p>\n<div class=\"yiv7333910458gmail_signature\" dir=\"ltr\">\n<div dir=\"ltr\">\n<div><span style=\"font-family: arial black, sans-serif;\">NOTICIAS DAEM ILLAPEL<\/span><\/div>\n<div><a href=\"https:\/\/www.youtube.com\/channel\/UCKqVGapJI4lbTFpKPdsEiOg\" target=\"_blank\" rel=\"nofollow noopener noreferrer\">Visite, suscr\u00edbase y comparta nuestro Canal de Noticias Daem Illapel<\/a><\/div>\n<div><a href=\"https:\/\/daemillapel.cl\/\" target=\"_blank\" rel=\"nofollow noopener noreferrer\">SITIO WEB DAEM ILLAPEL<\/a><\/div>\n<div><\/div>\n<div>\n<div class=\"img-preview-wrapper\"><\/div>\n<\/div>\n<\/div>\n<\/div>\n","protected":false},"excerpt":{"rendered":"<p>Nuestra querida Escuela Camilo Henr\u00edquez de la localidad de Canelillo, disfrut\u00f3 de una familiar pampilla, junto a la comunidad educativa. \u00a0Con \u201cvolantinada\u201d, cuecas y juegos tradicionales, las familias junto con los docentes y asistentes que componen la Escuela Camilo Henr\u00edquez, llevaron a cabo la celebraci\u00f3n de las fiestas patrias de<\/p>\n","protected":false},"author":1,"featured_media":1810,"comment_status":"closed","ping_status":"open","sticky":false,"template":"","format":"standard","meta":{"footnotes":""},"categories":[22],"tags":[],"class_list":["post-1809","post","type-post","status-publish","format-standard","has-post-thumbnail","hentry","category-muni-illapel"],"_links":{"self":[{"href":"https:\/\/minutaregional.cl\/index.php?rest_route=\/wp\/v2\/posts\/1809","targetHints":{"allow":["GET"]}}],"collection":[{"href":"https:\/\/minutaregional.cl\/index.php?rest_route=\/wp\/v2\/posts"}],"about":[{"href":"https:\/\/minutaregional.cl\/index.php?rest_route=\/wp\/v2\/types\/post"}],"author":[{"embeddable":true,"href":"https:\/\/minutaregional.cl\/index.php?rest_route=\/wp\/v2\/users\/1"}],"replies":[{"embeddable":true,"href":"https:\/\/minutaregional.cl\/index.php?rest_route=%2Fwp%2Fv2%2Fcomments&post=1809"}],"version-history":[{"count":1,"href":"https:\/\/minutaregional.cl\/index.php?rest_route=\/wp\/v2\/posts\/1809\/revisions"}],"predecessor-version":[{"id":1811,"href":"https:\/\/minutaregional.cl\/index.php?rest_route=\/wp\/v2\/posts\/1809\/revisions\/1811"}],"wp:featuredmedia":[{"embeddable":true,"href":"https:\/\/minutaregional.cl\/index.php?rest_route=\/wp\/v2\/media\/1810"}],"wp:attachment":[{"href":"https:\/\/minutaregional.cl\/index.php?rest_route=%2Fwp%2Fv2%2Fmedia&parent=1809"}],"wp:term":[{"taxonomy":"category","embeddable":true,"href":"https:\/\/minutaregional.cl\/index.php?rest_route=%2Fwp%2Fv2%2Fcategories&post=1809"},{"taxonomy":"post_tag","embeddable":true,"href":"https:\/\/minutaregional.cl\/index.php?rest_route=%2Fwp%2Fv2%2Ftags&post=1809"}],"curies":[{"name":"wp","href":"https:\/\/api.w.org\/{rel}","templated":true}]}}