{"id":1806,"date":"2022-09-14T14:18:54","date_gmt":"2022-09-14T14:18:54","guid":{"rendered":"https:\/\/minutaregional.cl\/?p=1806"},"modified":"2022-09-14T14:18:54","modified_gmt":"2022-09-14T14:18:54","slug":"gobierno-aumentara-fiscalizaciones-y-llaman-a-prevenir-siniestros-de-transito-durante-fiestas-patrias","status":"publish","type":"post","link":"https:\/\/minutaregional.cl\/?p=1806","title":{"rendered":"Gobierno Aumentar\u00e1 Fiscalizaciones y Llaman a Prevenir Siniestros de Tr\u00e1nsito Durante Fiestas Patrias"},"content":{"rendered":"<ul>\n<li style=\"text-align: justify;\"><strong><em>El Delegado Presidencia Regional, Rub\u00e9n Quezada, junto a Carabineros, la Seremi de Transportes y SENDA, enfatizaron el llamado al autocuidado, evitando todas las acciones que puedan provocar alg\u00fan siniestro vial durante las festividades que se aproximan. <\/em><\/strong><\/li>\n<\/ul>\n<p style=\"text-align: justify;\">El a\u00f1o pasado, espec\u00edficamente durante Fiestas Patrias, 8 personas fallecieron en alg\u00fan siniestro de tr\u00e1nsito en la regi\u00f3n de Coquimbo. Uno de los principales motivos de estos siniestros es la imprudencia del conductor, el exceso de velocidad y el alcohol en el conductor.<\/p>\n<p style=\"text-align: justify;\">Por ello, este a\u00f1o, y dado que existen mayores posibilidades sanitarias para desplazarse hacia otros lugares y la mayor cantidad de eventos que habr\u00e1 durante los d\u00edas feriados es que se aumentar\u00e1n los controles viales en diversos puntos de la Regi\u00f3n de Coquimbo.<\/p>\n<p style=\"text-align: justify;\">As\u00ed lo indic\u00f3 el Delegado Presidencial Rub\u00e9n Quezada, quien sostuvo que <strong>\u201cla palabra clave es cuidado junto con corresponsabilidad. Desde el Estado estaremos cuidando en materia de fiscalizaciones, controles de tr\u00e1nsito, viendo la seguridad de los alimentos, de las rutas y de los distintos eventos que se van a realizar, pero tambi\u00e9n requerimos de la corresponsabilidad de las personas. Es relevante la conducci\u00f3n segura, la protecci\u00f3n y el autocuidado en materia de no manejar con consumo de alcohol, no manejar a exceso de velocidad, no manejar si las condiciones f\u00edsicas no lo acompa\u00f1an, esto no solo para los conductores, sino tambi\u00e9n para quienes se desplazan a pie, en bicicleta, quienes, al estar con consumo de alcohol, perfectamente pueden generar accidentes\u201d<\/strong>.<\/p>\n<p style=\"text-align: justify;\">Adicionalmente, acot\u00f3 que <strong>\u201cnuestra regi\u00f3n tiene el antecedente de tener la mayor cifra de v\u00edctimas fatales, pese a que fuimos la regi\u00f3n que pas\u00f3 la mayor cantidad de multas, por lo mismo, el cuidado del Estado no basta y requerimos de la corresponsabilidad de las personas\u201d<\/strong>.<\/p>\n<p style=\"text-align: justify;\">Adem\u00e1s de las fiscalizaciones, la Seremi de Transportes y Telecomunicaciones, Alejandra Maureira, destac\u00f3 que ya comenz\u00f3 la campa\u00f1a #CuidaTuVida, realizada por el Ministerio de Transportes y Telecomunicaciones a trav\u00e9s de Conaset, y Senda, iniciativa que tiene como objetivo educar y generar conciencia sobre la importancia de la prevenci\u00f3n a la hora de evitar el peligro y las consecuencias que implica el consumo de alcohol y otras drogas al volante.<\/p>\n<p style=\"text-align: justify;\">\u00a0<strong>\u201cComo Ministerio de Transportes y Telecomunicaciones tenemos ya planificado un despliegue territorial en toda la regi\u00f3n de Coquimbo, principalmente con nuestros equipos fiscalizadores, quienes estar\u00e1n controlando en los terminales los buses interurbanos, especialmente para poder asegurar que todas las personas puedan desplazarse de forma segura. En este sentido hacer un llamado tambi\u00e9n a la ciudadan\u00eda para poder hacer uso de cinturones de seguridad que es clave ante alg\u00fan siniestro vial. Tambi\u00e9n estamos en este minuto con una pistola radar y estaremos haciendo mediciones y controles de velocidad junto con carabineros en las principales rutas de nuestra regi\u00f3n\u201d<\/strong>, dijo la seremi Alejandra Maureira.<\/p>\n<p style=\"text-align: justify;\">Por su parte, el Alcalde de Vicu\u00f1a, Rafael Vera, se\u00f1al\u00f3 que espera que el llamado a la precauci\u00f3n sea tomado por las personas que viajar\u00e1n hasta su comuna, especialmente considerando el gran n\u00famero de personas que se esperan, sobre 60 mil personas que visiten Vicu\u00f1a, 40 mil a se dirijan hasta la pampilla y otros 20 mil que vayan a otros sectores de la comuna.<\/p>\n<p style=\"text-align: justify;\"><strong>\u201cLos d\u00edas anteriores ya hemos tenido personas que han perdido la vida y a partir de eso, la preocupaci\u00f3n genera mayor fuerza. Sabemos que la mayor cantidad de personas que van a venir a Vicu\u00f1a, no solo a la Pampilla, sino que al Valle de Elqui, ser\u00e1 importante y a partir de esto, el control que se pueda realizar en la v\u00eda es importante, y estoy convencido que carabineros lo har\u00e1, mi preocupaci\u00f3n es efectivamente en qu\u00e9 condiciones la gente va a conducir, y esto de no conducir cuando se bebe, tiene que ser una responsabilidad para cada uno, para los conductores, ciclistas, peatones, porque ellos tambi\u00e9n generan este tipo de accidentes\u201d<\/strong>, asever\u00f3 el Alcalde Vera.<\/p>\n<p style=\"text-align: justify;\">En tanto, el General de la IV Zona de Carabineros, Rodrigo Espinoza, se\u00f1al\u00f3 que se har\u00eda un exhaustivo control en varios puntos de la regi\u00f3n de Coquimbo, sin embargo, reiter\u00f3 el llamado al autocuidado y la prevenci\u00f3n por parte de las personas.\u00a0 <strong>\u201cLamentablemente en los \u00faltimos 10 a\u00f1os, la mayor causa de accidentes de tr\u00e1nsito son la presencia de alcohol y el exceso de velocidad. En lo que va corrido este mes ya tenemos a 4 personas fallecidas, dos de ellas el domingo reci\u00e9n pasado. Llamamos al autocuidado, nosotros vamos a estar desplegados, fiscalizando, pero el autocuidado parte por uno mismo, pensando en la familia y el entorno. La convivencia vial es muy relevante, respetando al otro, yo creo que eso nos tiene que mover para tener unas Fiestas Patrias tranquilas. Hemos desplegado los servicios para controlar, habr\u00e1 fiscalizaciones junto a Senda adem\u00e1s para detectar presencia de alcohol y drogas, pero insistimos en que el cuidado de cada uno es lo m\u00e1s importante\u201d<\/strong>, enfatiz\u00f3 el general.<\/p>\n<p style=\"text-align: justify;\">Finalmente, el director (s) de Senda, Javier Cantuarias, remarc\u00f3 que <strong>\u201cqueremos que las familias disfruten, pero con la debida precauci\u00f3n y responsabilidad, que puedan tener un recuerdo con cari\u00f1o y no con dolor en esta celebraci\u00f3n. Por eso, hacemos un llamado a la responsabilidad y si van a beber, por ning\u00fan motivo conducir. Vamos a estar fuertemente con nuestro programa Tolerancia Cero durante toda esta semana, controlando y sacando de circulaci\u00f3n a todos los conductores que sean irresponsables y conduzcan con alcohol u otra droga\u201d<\/strong>.<\/p>\n","protected":false},"excerpt":{"rendered":"<p>El Delegado Presidencia Regional, Rub\u00e9n Quezada, junto a Carabineros, la Seremi de Transportes y SENDA, enfatizaron el llamado al autocuidado, evitando todas las acciones que puedan provocar alg\u00fan siniestro vial durante las festividades que se aproximan. El a\u00f1o pasado, espec\u00edficamente durante Fiestas Patrias, 8 personas fallecieron en alg\u00fan siniestro de<\/p>\n","protected":false},"author":1,"featured_media":1807,"comment_status":"closed","ping_status":"open","sticky":false,"template":"","format":"standard","meta":{"footnotes":""},"categories":[51,36],"tags":[],"class_list":["post-1806","post","type-post","status-publish","format-standard","has-post-thumbnail","hentry","category-seremisalud_coquimbo","category-dppcoquimbo"],"_links":{"self":[{"href":"https:\/\/minutaregional.cl\/index.php?rest_route=\/wp\/v2\/posts\/1806","targetHints":{"allow":["GET"]}}],"collection":[{"href":"https:\/\/minutaregional.cl\/index.php?rest_route=\/wp\/v2\/posts"}],"about":[{"href":"https:\/\/minutaregional.cl\/index.php?rest_route=\/wp\/v2\/types\/post"}],"author":[{"embeddable":true,"href":"https:\/\/minutaregional.cl\/index.php?rest_route=\/wp\/v2\/users\/1"}],"replies":[{"embeddable":true,"href":"https:\/\/minutaregional.cl\/index.php?rest_route=%2Fwp%2Fv2%2Fcomments&post=1806"}],"version-history":[{"count":1,"href":"https:\/\/minutaregional.cl\/index.php?rest_route=\/wp\/v2\/posts\/1806\/revisions"}],"predecessor-version":[{"id":1808,"href":"https:\/\/minutaregional.cl\/index.php?rest_route=\/wp\/v2\/posts\/1806\/revisions\/1808"}],"wp:featuredmedia":[{"embeddable":true,"href":"https:\/\/minutaregional.cl\/index.php?rest_route=\/wp\/v2\/media\/1807"}],"wp:attachment":[{"href":"https:\/\/minutaregional.cl\/index.php?rest_route=%2Fwp%2Fv2%2Fmedia&parent=1806"}],"wp:term":[{"taxonomy":"category","embeddable":true,"href":"https:\/\/minutaregional.cl\/index.php?rest_route=%2Fwp%2Fv2%2Fcategories&post=1806"},{"taxonomy":"post_tag","embeddable":true,"href":"https:\/\/minutaregional.cl\/index.php?rest_route=%2Fwp%2Fv2%2Ftags&post=1806"}],"curies":[{"name":"wp","href":"https:\/\/api.w.org\/{rel}","templated":true}]}}