{"id":1801,"date":"2022-09-14T14:01:01","date_gmt":"2022-09-14T14:01:01","guid":{"rendered":"https:\/\/minutaregional.cl\/?p=1801"},"modified":"2022-09-14T14:01:01","modified_gmt":"2022-09-14T14:01:01","slug":"nuevo-hospital-de-coquimbo-un-paso-mas-cerca-ya-entro-en-vigencia-contrato-con-empresa-constructora","status":"publish","type":"post","link":"https:\/\/minutaregional.cl\/?p=1801","title":{"rendered":"Nuevo Hospital de Coquimbo un Paso M\u00e1s Cerca:  Ya Entr\u00f3 en Vigencia Contrato con Empresa Constructora"},"content":{"rendered":"<audio class=\"wp-audio-shortcode\" id=\"audio-1801-1\" preload=\"none\" style=\"width: 100%;\" controls=\"controls\"><source type=\"audio\/mpeg\" src=\"https:\/\/minutaregional.cl\/wp-content\/uploads\/2022\/09\/HOSPITAL-Seremi-Salud-Paola-Salas.mp3?_=1\" \/><a href=\"https:\/\/minutaregional.cl\/wp-content\/uploads\/2022\/09\/HOSPITAL-Seremi-Salud-Paola-Salas.mp3\">https:\/\/minutaregional.cl\/wp-content\/uploads\/2022\/09\/HOSPITAL-Seremi-Salud-Paola-Salas.mp3<\/a><\/audio>\n<p>AUDIO:\u00a0 Seremi Salud Paola Salas<\/p>\n<audio class=\"wp-audio-shortcode\" id=\"audio-1801-2\" preload=\"none\" style=\"width: 100%;\" controls=\"controls\"><source type=\"audio\/mpeg\" src=\"https:\/\/minutaregional.cl\/wp-content\/uploads\/2022\/09\/HOSPITAL-Alcalde-Coquimbo-Ali-Manouchehri.mp3?_=2\" \/><a href=\"https:\/\/minutaregional.cl\/wp-content\/uploads\/2022\/09\/HOSPITAL-Alcalde-Coquimbo-Ali-Manouchehri.mp3\">https:\/\/minutaregional.cl\/wp-content\/uploads\/2022\/09\/HOSPITAL-Alcalde-Coquimbo-Ali-Manouchehri.mp3<\/a><\/audio>\n<p>AUDIO: Alcalde Coquimbo Ali Manouchehri<\/p>\n<ul>\n<li style=\"text-align: justify;\"><strong><em>A partir de ahora, el recinto comienza el desarrollo de ingenier\u00eda definitiva, lo que permitir\u00eda iniciar su construcci\u00f3n a fines del 2023, en un proyecto que contempla una inversi\u00f3n de 6.528.211 UF.<\/em><\/strong><\/li>\n<\/ul>\n<p style=\"text-align: justify;\">Septiembre comenz\u00f3 con una excelente noticia para la Regi\u00f3n de Coquimbo, esto porque el Diario Oficial acaba de publicar el decreto que adjudica el contrato de concesi\u00f3n al Grupo CRCC Chile, inici\u00e1ndose as\u00ed los plazos del contrato para el desarrollo del dise\u00f1o, construcci\u00f3n e implementaci\u00f3n con moderno equipamiento m\u00e9dico, del nuevo Hospital de Coquimbo.<\/p>\n<p style=\"text-align: justify;\">Se trata de una esperada noticia que da cuenta del cumplimiento en el Plan de Infraestructura Hospitalaria que dotar\u00e1 a la regi\u00f3n de un nuevo recinto cuyas instalaciones ser\u00e1n cuatro veces m\u00e1s grandes que las del actual hospital. As\u00ed lo dieron a conocer las principales autoridades de la regi\u00f3n, que esta ma\u00f1ana recorrieron el terreno de lo que ser\u00e1 el futuro recinto porte\u00f1o, proyecto que contempla una inversi\u00f3n de 6.528.211 UF.<\/p>\n<p style=\"text-align: justify;\"><strong>\u201cEstamos ac\u00e1 porque Contralor\u00eda ha tomado raz\u00f3n de este proyecto, por lo tanto seriamente y responsablemente podemos decir que ya no hay vuelta atr\u00e1s, esto est\u00e1 asignado y nos toca solo empezar a cumplir los plazos establecidos. Ya podemos decir que el Hospital de Coquimbo va en este terreno, en La Cantera, con una muy buena conexi\u00f3n que va a mejorar la calidad de la atenci\u00f3n de salud de las personas y tambi\u00e9n el trabajo de los funcionarios y funcionarias\u201d<\/strong>, indic\u00f3 el Delegado Presidencial, Rub\u00e9n Quezada.<\/p>\n<p style=\"text-align: justify;\">As\u00ed tambi\u00e9n lo destac\u00f3 el director (S) del Servicio de Salud Coquimbo, Germ\u00e1n L\u00f3pez, quien junto a las autoridades dio a conocer esta buena noticia a la comunidad. <strong>\u201cHoy el proyecto inicia con su d\u00eda 0. Esto significa que tras la publicaci\u00f3n en el Diario Oficial, el nuevo Hospital de Coquimbo comenzar\u00e1 el desarrollo de ingenier\u00eda definitiva, permitiendo iniciar su construcci\u00f3n a fines del 2023 y estim\u00e1ndose su entrada en operaci\u00f3n para el a\u00f1o 2027\u201d<\/strong>, manifest\u00f3.<\/p>\n<p style=\"text-align: justify;\">El Seremi de Obras P\u00fablicas, Javier Sandoval, tambi\u00e9n detall\u00f3 los nuevos pasos que seguir\u00e1 el proyecto, informando adem\u00e1s la importancia que tendr\u00e1 en la contrataci\u00f3n de recurso humano<strong>. \u00a0\u201cEfectivamente la etapa que viene es el desarrollo de la ingeniera definitiva donde el rol del MOP es protag\u00f3nico a trav\u00e9s de Concesiones, y a nivel regional estaremos supervisando y apoyando todo el proceso. Ac\u00e1 otro \u00edtem importante es la expectativa de generaci\u00f3n de empleo que tiene esta obra, unos 2.200 puestos de trabajo en el peak de la etapa de construcci\u00f3n, donde estaremos siempre en contacto con la empresa constructora para asegurar el empleo local\u201d<\/strong>, coment\u00f3.<\/p>\n<p style=\"text-align: justify;\">Por su parte la Seremi de Salud, Paola Salas, manifest\u00f3 que esta buena noticia los tiene muy felices, ya que <strong>\u201ces la Salud P\u00fablica de nuestra regi\u00f3n la que se va a ver tremendamente favorecida. Por el perfil epidemiol\u00f3gico, nuestra gente se est\u00e1 muriendo de c\u00e1ncer, de enfermedades cardiovasculares, todas estas enfermedades necesitan atenci\u00f3n especializada, y el Hospital de Coquimbo viene a concretar el inicio de desarrollo en esa infraestructura\u201d<\/strong>.<\/p>\n<p style=\"text-align: justify;\">Este mismo sentir fue el que expres\u00f3 el alcalde de Coquimbo, Al\u00ed Manouchehri, quien manifest\u00f3 que <strong>\u201choy d\u00eda la transformaci\u00f3n de la comuna viene con inversiones de infraestructura, y este va a ser un puntapi\u00e9 inicial para ir transformando la salud de los coquimbanos y coquimbanas, as\u00ed que para nosotros es un orgullo poder iniciar este proceso, que sin lugar a duda va a marcar un hito en temas de salud<\/strong>\u201d.<\/p>\n<p style=\"text-align: justify;\"><strong>\u201cEs un anhelo, un sue\u00f1o ver como se empieza a hacer realidad\u201d<\/strong><\/p>\n<p style=\"text-align: justify;\">Quienes tambi\u00e9n estuvieron presentes en el terreno donde se construir\u00e1 el nuevo Hospital de Coquimbo, viendo de cerca c\u00f3mo se concreta un sue\u00f1o de hace varios a\u00f1os, fueron los integrantes del Consejo Consultivo y funcionarios y funcionarias del recinto, quienes junto al director del Hospital de Coquimbo se mostraron felices de ver c\u00f3mo avanza este anhelado proyecto.<\/p>\n<p style=\"text-align: justify;\"><strong>\u201cEs una excelente noticia para la comuna, para los funcionarios y para la regi\u00f3n. Iniciamos este proceso y la normalizaci\u00f3n del Hospital de Coquimbo ya es un hecho. Con 605 camas, 18 quir\u00f3fanos, es un hospital que va a dar respuesta a la demanda que va tener la comunidad de aqu\u00ed a 30 a\u00f1os m\u00e1s. Por lo tanto, es un hito muy importante y a nombre de los funcionarios del Hospital San Pablo de Coquimbo queremos dar las gracias a todos los que hicieron posible esto, a los equipos t\u00e9cnicos y a las autoridades que aceleraron este proceso en el \u00faltimo tiempo, estoy muy contento por este hito de inicio de normalizaci\u00f3n\u201d<\/strong>, expres\u00f3 el Dr. Christian Vargas, director del Hospital de Coquimbo.<\/p>\n<p style=\"text-align: justify;\">Patricia Romero, integrante del Consejo Consultivo del hospital y adem\u00e1s presidenta de la junta de vecinos <strong>\u201cNuestro Esfuerzo\u201d, lugar donde hace mucho tiempo se present\u00f3 lo que ser\u00eda el proyecto del nuevo recinto asistencial, estar presente en este hito \u201ces un anhelo, un sue\u00f1o ver como se empieza a hacer realidad, porque este ha sido un arduo trabajo, esto no parti\u00f3 ayer, parti\u00f3 hace varios a\u00f1os. Adem\u00e1s es un orgullo porque todo esto se dio a conocer en nuestra junta de vecinos, y ver ahora que ya se hace realidad, para nosotros es una gran alegr\u00eda porque vemos todo lo que la comunidad se va a beneficiar\u201d<\/strong>, cerr\u00f3.<\/p>\n<p style=\"text-align: justify;\">El nuevo Hospital de Coquimbo contar\u00e1 con 22 pabellones; 85 boxes de consultas m\u00e9dicas, dentales y no m\u00e9dicas; seis salas de atenci\u00f3n integral del parto y servicio de urgencia, entre otros, permitiendo entregar atenci\u00f3n de alta complejidad a cerca de 723 mil personas de las comunas de Coquimbo, Andacollo, Illapel, Salamanca, Canela y Los Vilos.<\/p>\n","protected":false},"excerpt":{"rendered":"<p>AUDIO:\u00a0 Seremi Salud Paola Salas AUDIO: Alcalde Coquimbo Ali Manouchehri A partir de ahora, el recinto comienza el desarrollo de ingenier\u00eda definitiva, lo que permitir\u00eda iniciar su construcci\u00f3n a fines del 2023, en un proyecto que contempla una inversi\u00f3n de 6.528.211 UF. Septiembre comenz\u00f3 con una excelente noticia para la<\/p>\n","protected":false},"author":1,"featured_media":1802,"comment_status":"closed","ping_status":"open","sticky":false,"template":"","format":"standard","meta":{"footnotes":""},"categories":[51,36,1],"tags":[],"class_list":["post-1801","post","type-post","status-publish","format-standard","has-post-thumbnail","hentry","category-seremisalud_coquimbo","category-dppcoquimbo","category-noticias-regionales"],"_links":{"self":[{"href":"https:\/\/minutaregional.cl\/index.php?rest_route=\/wp\/v2\/posts\/1801","targetHints":{"allow":["GET"]}}],"collection":[{"href":"https:\/\/minutaregional.cl\/index.php?rest_route=\/wp\/v2\/posts"}],"about":[{"href":"https:\/\/minutaregional.cl\/index.php?rest_route=\/wp\/v2\/types\/post"}],"author":[{"embeddable":true,"href":"https:\/\/minutaregional.cl\/index.php?rest_route=\/wp\/v2\/users\/1"}],"replies":[{"embeddable":true,"href":"https:\/\/minutaregional.cl\/index.php?rest_route=%2Fwp%2Fv2%2Fcomments&post=1801"}],"version-history":[{"count":1,"href":"https:\/\/minutaregional.cl\/index.php?rest_route=\/wp\/v2\/posts\/1801\/revisions"}],"predecessor-version":[{"id":1805,"href":"https:\/\/minutaregional.cl\/index.php?rest_route=\/wp\/v2\/posts\/1801\/revisions\/1805"}],"wp:featuredmedia":[{"embeddable":true,"href":"https:\/\/minutaregional.cl\/index.php?rest_route=\/wp\/v2\/media\/1802"}],"wp:attachment":[{"href":"https:\/\/minutaregional.cl\/index.php?rest_route=%2Fwp%2Fv2%2Fmedia&parent=1801"}],"wp:term":[{"taxonomy":"category","embeddable":true,"href":"https:\/\/minutaregional.cl\/index.php?rest_route=%2Fwp%2Fv2%2Fcategories&post=1801"},{"taxonomy":"post_tag","embeddable":true,"href":"https:\/\/minutaregional.cl\/index.php?rest_route=%2Fwp%2Fv2%2Ftags&post=1801"}],"curies":[{"name":"wp","href":"https:\/\/api.w.org\/{rel}","templated":true}]}}