{"id":1790,"date":"2022-09-14T13:06:36","date_gmt":"2022-09-14T13:06:36","guid":{"rendered":"https:\/\/minutaregional.cl\/?p=1790"},"modified":"2022-09-14T13:27:12","modified_gmt":"2022-09-14T13:27:12","slug":"estudiantes-de-medicina-ucn-conocen-procesos-de-produccion-y-tratamiento-de-aguas-del-valle","status":"publish","type":"post","link":"https:\/\/minutaregional.cl\/?p=1790","title":{"rendered":"Estudiantes de Medicina UCN Conocen Procesos de Producci\u00f3n y Tratamiento de Aguas del Valle"},"content":{"rendered":"<ul>\n<li style=\"text-align: justify;\">\n<ul>\n<li>Los alumnos de la asignatura de Salud Ambiental de la sede Coquimbo de la universidad, recorrieron los recintos y vieron en terreno los procesos de la sanitaria.<\/li>\n<\/ul>\n<p><strong>La Serena, Septiembre de 2022. <\/strong>Un grupo de 70 estudiantes de tercer a\u00f1o de la carrera de Medicina de la Universidad Cat\u00f3lica del Norte (UCN) sede Coquimbo, conocieron, como parte de su formaci\u00f3n profesional, los procesos de producci\u00f3n y tratamiento que Aguas del Valle realiza en sus plantas de Las Rojas y Algarrobito, respectivamente.<\/p>\n<p>El subgerente zonal Elqui de Aguas del Valle, Giancarlo Sotomayor, sostuvo que \u201cestas visitas nos ayudan a mostrar nuestra labor, al mismo tiempo que aportamos en la formaci\u00f3n de nuevos profesionales relacionados con el \u00e1rea sanitaria. De forma permanente recibimos delegaciones de establecimientos educacionales de ense\u00f1anza b\u00e1sica, media, superior y posgrados interesados en conocer de primera fuente nuestros procesos\u201d.<\/p>\n<p>Los estudiantes valoraron la visita: \u201cFue una experiencia muy enriquecedora para nuestra formaci\u00f3n profesional. Pude adquirir conocimientos sobre un tema que no conoc\u00eda mucho. Me llam\u00f3 la atenci\u00f3n lo grande de la planta de producci\u00f3n de Las Rojas y la cantidad de procesos que tiene el filtrado y potabilizaci\u00f3n del agua\u201d, indic\u00f3 Catalina Mar\u00edn.<\/p>\n<p>Mat\u00edas Aravena, en tanto, sostuvo que \u201cfue una experiencia muy provechosa para todos mis compa\u00f1eros. Me llam\u00f3 la atenci\u00f3n que en todo el proceso de filtrado y potabilizaci\u00f3n no se utilice energ\u00eda el\u00e9ctrica, sino que s\u00f3lo la fuerza gravitacional\u201d.<\/p>\n<p>Para Camila Aracena, \u201cfue muy entretenido, son temas que yo no conoc\u00eda. La explicaci\u00f3n de nuestros gu\u00edas fue muy did\u00e1ctica y f\u00e1cil de entender, ellos se preocuparon de responder todas nuestras dudas\u201d.<\/p>\n<p>Finalmente, Mauricio Castillo, profesor del Departamento de Salud P\u00fablica de la UCN agradeci\u00f3 a Aguas del Valle y explic\u00f3 que \u201clo que nosotros vemos en esta asignatura es c\u00f3mo los aspectos ambientales pueden incidir en la salud de las personas. La visita fue muy provechosa y constructiva, los estudiantes consultaron bastantes cosas, con una excelente explicaci\u00f3n del personal a cargo de los recorridos\u201d.<\/li>\n<\/ul>\n","protected":false},"excerpt":{"rendered":"<p>Los alumnos de la asignatura de Salud Ambiental de la sede Coquimbo de la universidad, recorrieron los recintos y vieron en terreno los procesos de la sanitaria. La Serena, Septiembre de 2022. Un grupo de 70 estudiantes de tercer a\u00f1o de la carrera de Medicina de la Universidad Cat\u00f3lica del<\/p>\n","protected":false},"author":1,"featured_media":1792,"comment_status":"closed","ping_status":"open","sticky":false,"template":"","format":"standard","meta":{"footnotes":""},"categories":[45,8],"tags":[],"class_list":["post-1790","post","type-post","status-publish","format-standard","has-post-thumbnail","hentry","category-aguas-del-valle","category-columna-de-opinion"],"_links":{"self":[{"href":"https:\/\/minutaregional.cl\/index.php?rest_route=\/wp\/v2\/posts\/1790","targetHints":{"allow":["GET"]}}],"collection":[{"href":"https:\/\/minutaregional.cl\/index.php?rest_route=\/wp\/v2\/posts"}],"about":[{"href":"https:\/\/minutaregional.cl\/index.php?rest_route=\/wp\/v2\/types\/post"}],"author":[{"embeddable":true,"href":"https:\/\/minutaregional.cl\/index.php?rest_route=\/wp\/v2\/users\/1"}],"replies":[{"embeddable":true,"href":"https:\/\/minutaregional.cl\/index.php?rest_route=%2Fwp%2Fv2%2Fcomments&post=1790"}],"version-history":[{"count":2,"href":"https:\/\/minutaregional.cl\/index.php?rest_route=\/wp\/v2\/posts\/1790\/revisions"}],"predecessor-version":[{"id":1793,"href":"https:\/\/minutaregional.cl\/index.php?rest_route=\/wp\/v2\/posts\/1790\/revisions\/1793"}],"wp:featuredmedia":[{"embeddable":true,"href":"https:\/\/minutaregional.cl\/index.php?rest_route=\/wp\/v2\/media\/1792"}],"wp:attachment":[{"href":"https:\/\/minutaregional.cl\/index.php?rest_route=%2Fwp%2Fv2%2Fmedia&parent=1790"}],"wp:term":[{"taxonomy":"category","embeddable":true,"href":"https:\/\/minutaregional.cl\/index.php?rest_route=%2Fwp%2Fv2%2Fcategories&post=1790"},{"taxonomy":"post_tag","embeddable":true,"href":"https:\/\/minutaregional.cl\/index.php?rest_route=%2Fwp%2Fv2%2Ftags&post=1790"}],"curies":[{"name":"wp","href":"https:\/\/api.w.org\/{rel}","templated":true}]}}