{"id":1773,"date":"2022-09-13T02:42:31","date_gmt":"2022-09-13T02:42:31","guid":{"rendered":"https:\/\/minutaregional.cl\/?p=1773"},"modified":"2022-09-13T02:42:31","modified_gmt":"2022-09-13T02:42:31","slug":"reactivan-comision-regional-de-riego-para-potenciar-la-ejecucion-de-proyectos-hidricos-en-la-region","status":"publish","type":"post","link":"https:\/\/minutaregional.cl\/?p=1773","title":{"rendered":"Reactivan Comisi\u00f3n Regional de Riego para Potenciar la Ejecuci\u00f3n de Proyectos H\u00eddricos en la Regi\u00f3n"},"content":{"rendered":"<p class=\"yiv7113544360xmsonormal\" style=\"text-align: justify;\"><span lang=\"ES\">Analizar proyectos regionales de entubamiento de canales; incorporaci\u00f3n de caudales ecol\u00f3gicos,<\/span><span lang=\"ES\">\u00a0<\/span>adem\u00e1s de considerar l<span lang=\"ES\">a participaci\u00f3n de la comunidad para la reducci\u00f3n de conflictos sociales a trav\u00e9s de diferentes mecanismos de participaci\u00f3n ciudadana, fueron parte los temas abordados durante la sesi\u00f3n de la Comisi\u00f3n Regional de Riego (CRR).<\/span><span lang=\"ES\">\u00a0\u00a0<\/span><\/p>\n<p class=\"yiv7113544360xmsonormal\" style=\"text-align: justify;\"><span lang=\"ES\">La iniciativa que es encabezada por el Seremi de Agricultura, Hern\u00e1n Saavedra, reuni\u00f3 a las carteras de Obras P\u00fablicas y de Desarrollo Social y Familia, adem\u00e1s de representantes de la Comisi\u00f3n Nacional de Riego, de la Direcci\u00f3n de Obras Hidr\u00e1ulicas, de la Direcci\u00f3n General de Aguas, del Instituto Nacional de Desarrollo Agropecuario y del Servicio Agr\u00edcola y Ganadero. \u00a0<\/span><\/p>\n<p class=\"yiv7113544360xmsonormal\" style=\"text-align: justify;\"><span lang=\"ES\">\u201cLa realizaci\u00f3n de la Comisi\u00f3n Regional de Riego es muy importante para avanzar en la materializaci\u00f3n de proyectos que mejoren las actuales condiciones de riego, es una instancia donde participan actores claves para levantar instrumentos, para permitir la ejecuci\u00f3n de planes que potencien el desarrollo silvoagropecuario de la regi\u00f3n. Buscamos que esta mesa de trabajo tenga la capacidad de mejorar la calidad de vida del mundo rural, asegurando un mejor acceso al recurso h\u00eddrico, permitiendo por ende un desarrollo de la actividad agr\u00edcola sustentable, que contribuya a la seguridad alimentaria\u201d, sostuvo el Seremi Hern\u00e1n Saavedra. \u00a0<\/span><\/p>\n<p class=\"yiv7113544360xmsonormal\" style=\"text-align: justify;\"><span lang=\"ES\">Entre los principales lineamientos abordados, la mesa de trabajo busca avanzar en la generaci\u00f3n y ejecuci\u00f3n de proyectos que permitan mejorar las actuales condiciones y sistemas de riego, principalmente en la peque\u00f1a agricultura. Para esto se acord\u00f3 la incorporaci\u00f3n del Gobierno Regional como miembro permanente de la CRR, adem\u00e1s de la formaci\u00f3n de subcomisiones t\u00e9cnicas para avanzar en la coordinaci\u00f3n de planes de trabajo de la mesa. \u00a0<\/span><\/p>\n<p class=\"yiv7113544360xmsonormal\" style=\"text-align: justify;\"><span lang=\"ES\">Por su parte el Seremi de Obras P\u00fablicas, Javier Sandoval, valor\u00f3 la reactivaci\u00f3n de esta comisi\u00f3n para avanzar en proyectos que contribuyan al desarrollo de la comunidad, \u201ces sorprendente que una comisi\u00f3n que aborda un tema tan importante haya dejado de trabajar hace tanto tiempo y afortunadamente abordamos este tema con la reactivaci\u00f3n de esta comisi\u00f3n, lo que nos va permitir ponernos de acuerdo, alinear estrategias, redoblar esfuerzos en los \u00e1mbitos que nos compete, para poder sacar adelante los proyectos que la comunidad necesita en torno al tema h\u00eddrico. Una mega sequ\u00eda, un cambio clim\u00e1tico, que est\u00e1 a la vista, es evidente, no se cambia con unas lluvias de un par de d\u00edas, eso tenerlo muy claro y por eso seguimos trabajando a toda marcha, aportando a la estrategia h\u00eddrica de la regi\u00f3n\u201d. \u00a0<\/span><\/p>\n<p class=\"yiv7113544360xmsonormal\" style=\"text-align: justify;\"><span lang=\"ES\">En tanto el Coordinador Zonal Norte Chico de la Comisi\u00f3n Nacional de Riego, \u00c1lvaro Espinoza, indic\u00f3 que, \u201cse reuni\u00f3 la CRR, una instancia que no se realizaba hace dos a\u00f1os y que tiene por objetivo vincular las acciones de los distintos servicios con la agricultura. Se presentaron las l\u00edneas de trabajo de la CNR y como nos podemos vincular espec\u00edficamente con la DOH, siguiendo el cause mismo de los proyectos que ya estaban dentro del ciclo, en espec\u00edfico iniciativas que tienen que ver con el canal Buzeta y se tomaron l\u00edneas de acciones para las siguientes instancias poder vincular y articular los recursos propiamente tales y para apalancar los necesario para la peque\u00f1a agricultura\u201d.\u00a0<\/span><\/p>\n<p class=\"yiv7113544360xmsonormal\" style=\"text-align: justify;\"><span lang=\"ES\">La Comisi\u00f3n Regional de Riego volver\u00e1 a sesionar durante el mes de octubre, seg\u00fan lo acordado por los servicios involucrados en su ejecuci\u00f3n, con el fin de lograr una continuidad a los compromisos abordados, cuyos resultados permitir\u00e1n acceder a la peque\u00f1a agricultura de la regi\u00f3n a una mayor gesti\u00f3n y seguridad del recurso h\u00eddrico.<\/span><\/p>\n","protected":false},"excerpt":{"rendered":"<p>Analizar proyectos regionales de entubamiento de canales; incorporaci\u00f3n de caudales ecol\u00f3gicos,\u00a0adem\u00e1s de considerar la participaci\u00f3n de la comunidad para la reducci\u00f3n de conflictos sociales a trav\u00e9s de diferentes mecanismos de participaci\u00f3n ciudadana, fueron parte los temas abordados durante la sesi\u00f3n de la Comisi\u00f3n Regional de Riego (CRR).\u00a0\u00a0 La iniciativa que<\/p>\n","protected":false},"author":1,"featured_media":1774,"comment_status":"closed","ping_status":"open","sticky":false,"template":"","format":"standard","meta":{"footnotes":""},"categories":[47,1],"tags":[],"class_list":["post-1773","post","type-post","status-publish","format-standard","has-post-thumbnail","hentry","category-cnr-chile","category-noticias-regionales"],"_links":{"self":[{"href":"https:\/\/minutaregional.cl\/index.php?rest_route=\/wp\/v2\/posts\/1773","targetHints":{"allow":["GET"]}}],"collection":[{"href":"https:\/\/minutaregional.cl\/index.php?rest_route=\/wp\/v2\/posts"}],"about":[{"href":"https:\/\/minutaregional.cl\/index.php?rest_route=\/wp\/v2\/types\/post"}],"author":[{"embeddable":true,"href":"https:\/\/minutaregional.cl\/index.php?rest_route=\/wp\/v2\/users\/1"}],"replies":[{"embeddable":true,"href":"https:\/\/minutaregional.cl\/index.php?rest_route=%2Fwp%2Fv2%2Fcomments&post=1773"}],"version-history":[{"count":1,"href":"https:\/\/minutaregional.cl\/index.php?rest_route=\/wp\/v2\/posts\/1773\/revisions"}],"predecessor-version":[{"id":1775,"href":"https:\/\/minutaregional.cl\/index.php?rest_route=\/wp\/v2\/posts\/1773\/revisions\/1775"}],"wp:featuredmedia":[{"embeddable":true,"href":"https:\/\/minutaregional.cl\/index.php?rest_route=\/wp\/v2\/media\/1774"}],"wp:attachment":[{"href":"https:\/\/minutaregional.cl\/index.php?rest_route=%2Fwp%2Fv2%2Fmedia&parent=1773"}],"wp:term":[{"taxonomy":"category","embeddable":true,"href":"https:\/\/minutaregional.cl\/index.php?rest_route=%2Fwp%2Fv2%2Fcategories&post=1773"},{"taxonomy":"post_tag","embeddable":true,"href":"https:\/\/minutaregional.cl\/index.php?rest_route=%2Fwp%2Fv2%2Ftags&post=1773"}],"curies":[{"name":"wp","href":"https:\/\/api.w.org\/{rel}","templated":true}]}}