{"id":1763,"date":"2022-09-12T23:33:02","date_gmt":"2022-09-12T23:33:02","guid":{"rendered":"https:\/\/minutaregional.cl\/?p=1763"},"modified":"2022-09-12T23:33:02","modified_gmt":"2022-09-12T23:33:02","slug":"federacion-de-funcionarios-de-la-salud-municipalizada-realiza-su-consejo-regional-en-combarbala","status":"publish","type":"post","link":"https:\/\/minutaregional.cl\/?p=1763","title":{"rendered":"Federaci\u00f3n de funcionarios de la Salud Municipalizada realiza su Consejo Regional en Combarbal\u00e1"},"content":{"rendered":"<ul>\n<li style=\"text-align: justify;\"><strong><em>Dirigentes de 10 representaciones de comunas de la regi\u00f3n se reunieron en la ciudad limarina, oportunidad en que analizaron diversas problem\u00e1ticas de los asociados en los diversos territorios.<\/em><\/strong><\/li>\n<\/ul>\n<p style=\"text-align: justify;\">18 dirigentes de las AFUSAM de 10 comunas que son parte de la Federaci\u00f3n de Funcionarios de la Salud Municipalizada de la regi\u00f3n de Coquimbo se dieron cita en el Consejo Regional que se realiz\u00f3 en Combarbal\u00e1, instancia en la que analizaron la realidad de las distintas comunas de los trabajadores de la Atenci\u00f3n Primaria de Salud.<\/p>\n<p style=\"text-align: justify;\">La directiva regional, encabezada por su presidente Rodrigo Bustamante realiz\u00f3 una cuenta de sus actividades y tras ello, fueron los dirigentes de cada comuna quienes informaron del estado de sus asociados.<\/p>\n<p style=\"text-align: justify;\">Rodrigo Bustamante presidente regional de los funcionarios de la salud municipalizada, se\u00f1al\u00f3 que \u201crealizamos nuestro Consejo Directivo Regional en la comuna de Combarbal\u00e1 y enviamos nuestro agradecimiento a la Afusam local por la recepci\u00f3n y coordinaci\u00f3n\u201d.<\/p>\n<p style=\"text-align: justify;\">Con la participaci\u00f3n de 10 de las 14 representaciones comunales, fue calificado de \u00abexitoso, pudimos visualizar distintas problem\u00e1ticas que estamos trabajando a nivel nacional y regional como son temas de incentivo al retiro, temas de infraestructura, legales, la ley de alivio y algunos concursos internos que se est\u00e1n generando\u00bb, dijo el presidente regional de los funcionarios de la salud municipalizada.<\/p>\n<p style=\"text-align: justify;\">Agreg\u00f3 que \u00abvemos en forma significativa que las comunas est\u00e1n avanzando, en distintos niveles, pero hay un avance general que se ve en el desarrollo de las distintas tem\u00e1ticas\u00bb.<\/p>\n<p style=\"text-align: justify;\">D\u00eda de la Atenci\u00f3n Primaria de Salud<\/p>\n<p style=\"text-align: justify;\">El pasado 06 de septiembre se conmemor\u00f3 el D\u00eda Nacional de la Atenci\u00f3n Primaria de Salud y Bustamante destac\u00f3 que \u00abnuestro d\u00eda fue decretada a nivel nacional nace un 6 de septiembre de 1978 y para nosotros es relevante, pues a\u00f1o a\u00f1o se van sumando actividades en las AFUSAM de las distintas comunas\u00bb.<\/p>\n<p style=\"text-align: justify;\">Adem\u00e1s, destac\u00f3 el \u00abesp\u00edritu colaborativo por parte de los alcaldes, de la jefaturas, para\u00a0 celebrar este d\u00eda qu\u00e9 es tan importante, con jornadas reflexivas tambi\u00e9n y de autocuidado, que se han generado en los distintos equipos\u00bb.<\/p>\n<p style=\"text-align: justify;\">Agresiones<\/p>\n<p style=\"text-align: justify;\">Una de las problem\u00e1ticas que m\u00e1s preocupa a los dirigentes de la CONFUSAM regional son las agresiones a los funcionarios de la salud primaria que se han registrado en distintas comunas y lamento que \u00abefectivamente, hemos visto un aumento de las agresiones hacia los funcionarios. Como CONFUSAM regional, estamos trabajando en un seminario que vamos a llevar a cabo en forma conjunta a nivel regional con el apoyo de la Asociaci\u00f3n Chilena de Seguridad, ACHS, con el\u00a0 Servicio Salud Coquimbo y de la Asociaci\u00f3n Chilena de Municipalidades, y d\u00f3nde vamos distintos tipos legales y normativa con la participaci\u00f3n de autoridades de las distintas localidades\u00bb, puntualiz\u00f3.<\/p>\n<p style=\"text-align: justify;\">Adem\u00e1s, agreg\u00f3 que \u00abdesde el ministerio de Salud se entregaron recursos que van el apoyo de la Seguridad, con los que se van a implementar botones de p\u00e1nico, c\u00e1mara de seguridad y viendo que pueda generar el alcance tambi\u00e9n a las postas de salud rural. Eso ser\u00eda para nosotros tambi\u00e9n importante, porque muchas veces vemos solo los CESFAM urbanos y quedan de lado lo que es la parte rural\u00bb.<\/p>\n<p style=\"text-align: justify;\">AFUSAM Combarbal\u00e1<\/p>\n<p style=\"text-align: justify;\">Por su parte, la dirigenta due\u00f1a de casa, Allison Galleguillos, secretaria de la AFUSAM de Combarbal\u00e1, se\u00f1al\u00f3 que \u00abel tema que tenemos pendiente ac\u00e1, es el tema del Comit\u00e9 de Bienestar, que en todas las comunas de la regi\u00f3n est\u00e1n constituidos, pero ac\u00e1 (Combarbal\u00e1) faltan procesos que no se han cumplido y lamentablemente estamos truncados, entrampados en estos temas administrativos y ahora, esperamos que se resuelva luego\u201d, finaliz\u00f3.<\/p>\n","protected":false},"excerpt":{"rendered":"<p>Dirigentes de 10 representaciones de comunas de la regi\u00f3n se reunieron en la ciudad limarina, oportunidad en que analizaron diversas problem\u00e1ticas de los asociados en los diversos territorios. 18 dirigentes de las AFUSAM de 10 comunas que son parte de la Federaci\u00f3n de Funcionarios de la Salud Municipalizada de la<\/p>\n","protected":false},"author":1,"featured_media":1764,"comment_status":"closed","ping_status":"open","sticky":false,"template":"","format":"standard","meta":{"footnotes":""},"categories":[21,1],"tags":[],"class_list":["post-1763","post","type-post","status-publish","format-standard","has-post-thumbnail","hentry","category-municipalidades","category-noticias-regionales"],"_links":{"self":[{"href":"https:\/\/minutaregional.cl\/index.php?rest_route=\/wp\/v2\/posts\/1763","targetHints":{"allow":["GET"]}}],"collection":[{"href":"https:\/\/minutaregional.cl\/index.php?rest_route=\/wp\/v2\/posts"}],"about":[{"href":"https:\/\/minutaregional.cl\/index.php?rest_route=\/wp\/v2\/types\/post"}],"author":[{"embeddable":true,"href":"https:\/\/minutaregional.cl\/index.php?rest_route=\/wp\/v2\/users\/1"}],"replies":[{"embeddable":true,"href":"https:\/\/minutaregional.cl\/index.php?rest_route=%2Fwp%2Fv2%2Fcomments&post=1763"}],"version-history":[{"count":1,"href":"https:\/\/minutaregional.cl\/index.php?rest_route=\/wp\/v2\/posts\/1763\/revisions"}],"predecessor-version":[{"id":1765,"href":"https:\/\/minutaregional.cl\/index.php?rest_route=\/wp\/v2\/posts\/1763\/revisions\/1765"}],"wp:featuredmedia":[{"embeddable":true,"href":"https:\/\/minutaregional.cl\/index.php?rest_route=\/wp\/v2\/media\/1764"}],"wp:attachment":[{"href":"https:\/\/minutaregional.cl\/index.php?rest_route=%2Fwp%2Fv2%2Fmedia&parent=1763"}],"wp:term":[{"taxonomy":"category","embeddable":true,"href":"https:\/\/minutaregional.cl\/index.php?rest_route=%2Fwp%2Fv2%2Fcategories&post=1763"},{"taxonomy":"post_tag","embeddable":true,"href":"https:\/\/minutaregional.cl\/index.php?rest_route=%2Fwp%2Fv2%2Ftags&post=1763"}],"curies":[{"name":"wp","href":"https:\/\/api.w.org\/{rel}","templated":true}]}}