{"id":1760,"date":"2022-09-12T17:48:32","date_gmt":"2022-09-12T17:48:32","guid":{"rendered":"https:\/\/minutaregional.cl\/?p=1760"},"modified":"2022-09-12T17:48:32","modified_gmt":"2022-09-12T17:48:32","slug":"actividades-aniversario-n82-en-escuela-basica-valle-del-choapa","status":"publish","type":"post","link":"https:\/\/minutaregional.cl\/?p=1760","title":{"rendered":"ACTIVIDADES ANIVERSARIO N\u00b082 EN ESCUELA B\u00c1SICA VALLE DEL CHOAPA"},"content":{"rendered":"<p style=\"text-align: justify;\">Durante esta semana, la Escuela B\u00e1sica Valle del Choapa ha festejado el aniversario n\u00b0 82 de su establecimiento educacional con diversas actividades deportivas y art\u00edstico culturales, culminando el d\u00eda s\u00e1bado 10 con la finalizaci\u00f3n de la competencia de las alianzas.<\/p>\n<p><strong>Visite, comparta y suscr\u00edbase al canal de noticias de YouTube y nuestro sitio web<\/strong><\/p>\n<p><strong>\u00a0<\/strong><a href=\"https:\/\/www.youtube.com\/channel\/UCKqVGapJI4lbTFpKPdsEiOg\"><strong>https:\/\/www.youtube.com\/channel\/UCKqVGapJI4lbTFpKPdsEiOg<\/strong><\/a><\/p>\n<p><strong>\u00a0<\/strong><\/p>\n<p><a href=\"http:\/\/www.daemillapel.cl\"><strong>www.daemillapel.cl<\/strong><\/a><\/p>\n","protected":false},"excerpt":{"rendered":"<p>Durante esta semana, la Escuela B\u00e1sica Valle del Choapa ha festejado el aniversario n\u00b0 82 de su establecimiento educacional con diversas actividades deportivas y art\u00edstico culturales, culminando el d\u00eda s\u00e1bado 10 con la finalizaci\u00f3n de la competencia de las alianzas. Visite, comparta y suscr\u00edbase al canal de noticias de YouTube<\/p>\n","protected":false},"author":1,"featured_media":1761,"comment_status":"closed","ping_status":"open","sticky":false,"template":"","format":"standard","meta":{"footnotes":""},"categories":[22],"tags":[],"class_list":["post-1760","post","type-post","status-publish","format-standard","has-post-thumbnail","hentry","category-muni-illapel"],"_links":{"self":[{"href":"https:\/\/minutaregional.cl\/index.php?rest_route=\/wp\/v2\/posts\/1760","targetHints":{"allow":["GET"]}}],"collection":[{"href":"https:\/\/minutaregional.cl\/index.php?rest_route=\/wp\/v2\/posts"}],"about":[{"href":"https:\/\/minutaregional.cl\/index.php?rest_route=\/wp\/v2\/types\/post"}],"author":[{"embeddable":true,"href":"https:\/\/minutaregional.cl\/index.php?rest_route=\/wp\/v2\/users\/1"}],"replies":[{"embeddable":true,"href":"https:\/\/minutaregional.cl\/index.php?rest_route=%2Fwp%2Fv2%2Fcomments&post=1760"}],"version-history":[{"count":1,"href":"https:\/\/minutaregional.cl\/index.php?rest_route=\/wp\/v2\/posts\/1760\/revisions"}],"predecessor-version":[{"id":1762,"href":"https:\/\/minutaregional.cl\/index.php?rest_route=\/wp\/v2\/posts\/1760\/revisions\/1762"}],"wp:featuredmedia":[{"embeddable":true,"href":"https:\/\/minutaregional.cl\/index.php?rest_route=\/wp\/v2\/media\/1761"}],"wp:attachment":[{"href":"https:\/\/minutaregional.cl\/index.php?rest_route=%2Fwp%2Fv2%2Fmedia&parent=1760"}],"wp:term":[{"taxonomy":"category","embeddable":true,"href":"https:\/\/minutaregional.cl\/index.php?rest_route=%2Fwp%2Fv2%2Fcategories&post=1760"},{"taxonomy":"post_tag","embeddable":true,"href":"https:\/\/minutaregional.cl\/index.php?rest_route=%2Fwp%2Fv2%2Ftags&post=1760"}],"curies":[{"name":"wp","href":"https:\/\/api.w.org\/{rel}","templated":true}]}}