{"id":1756,"date":"2022-09-12T16:45:12","date_gmt":"2022-09-12T16:45:12","guid":{"rendered":"https:\/\/minutaregional.cl\/?p=1756"},"modified":"2022-09-12T16:55:25","modified_gmt":"2022-09-12T16:55:25","slug":"bailes-y-juegos-populares-animaron-la-pampilla-del-deporte-en-el-cendyr-la-serena","status":"publish","type":"post","link":"https:\/\/minutaregional.cl\/?p=1756","title":{"rendered":"Bailes y juegos populares animaron la Pampilla del Deporte en el Cendyr La Serena"},"content":{"rendered":"<ul>\n<li style=\"text-align: justify;\">Desde Vicu\u00f1a, Andacollo, Coquimbo y la capital regional llegaron los beneficiarios de los diferentes talleres que realiza el IND Coquimbo, para dar inicio a las celebraciones de Fiestas Patrias.<\/li>\n<\/ul>\n<p style=\"text-align: justify;\">Juegos populares, cueca y presentaciones de bailes t\u00edpicos, se hicieron presentes en la tradicional fiesta de la chilenidad, y que este a\u00f1o se denomin\u00f3 \u201cPampilla del Deporte\u201d, organizada por el Instituto Nacional de Deportes y Mindep Coquimbo y que cont\u00f3 con la asistencia de m\u00e1s de cuatrocientos beneficiarios de los diferentes talleres que promueve servicio, y fue liderada por el Delegado Presidencial Rub\u00e9n Quezada, Seremi Fernando Medina y el Director regional, Jonathan Pino.<\/p>\n<p style=\"text-align: justify;\">La actividad se enmarca en el retorno de las actividades presenciales, que promueve el IND entre los asistentes a los talleres del Programa de Participaci\u00f3n Social, que agrupa a mujeres, j\u00f3venes, adultos y adultos mayores y de Crecer en Movimiento, que beneficia a la poblaci\u00f3n escolar.<\/p>\n<p style=\"text-align: justify;\">\u201cAqu\u00ed hay alegr\u00eda, agradecer a todos quienes hacen posible esto, por su trabajo, solo nos queda disfrutar celebrar, saludar a nuestros adulto mayores, a nuestros grupo de ni\u00f1os, y a todos los que est\u00e1n participando, ya va quedando atr\u00e1s la pandemia, tenemos que seguir cuid\u00e1ndonos, pero vamos normalizando las cosas, que es lo importante y a celebrar en este septiembre\u201d, se\u00f1al\u00f3 el Delegado Presidencial Rub\u00e9n Quezada, presente en la actividad.<\/p>\n<p style=\"text-align: justify;\">Paralelo a las presentaciones, se desarroll\u00f3 el concurso de cueca, con la participaci\u00f3n de las categor\u00edas infantil, juvenil, adulto y adultos mayores. En la categor\u00eda juvenil, el primer lugar lo obtuvo la pareja que represent\u00f3 al colegio T\u00e9cnico &#8211; Profesional Educador Juan Bautista de la Salle (La Serena), con la dupla formada por Josefa Labbe y Johans D\u00edaz, \u201cEstoy muy agradecida por la oportunidad, por esta instancia y compartir, aqu\u00ed con esta gente, muchas gracias por la invitaci\u00f3n\u201d, se\u00f1al\u00f3 la flamante campeona del certamen, al igual que su compa\u00f1ero, Johans D\u00edaz: \u00abEsto es muy divertido, que hagan esto para que la gente, se atreva a bailar, ya que es un baile de su pa\u00eds y muy agradecido por la gente, muy agradable y que sigan bailando\u201d, termin\u00f3 diciendo, la feliz pareja ganadora del certamen.<\/p>\n<p style=\"text-align: justify;\">Los otros ganadores del concurso, por la Categor\u00eda infantil fueron: Krishna Araya y Gerald Tapia de la Escuela San Rafael de Pan de Az\u00facar. En Adulto gan\u00f3 la pareja de Roxana Pallero e Iv\u00e1n Carrasett y en adultos mayores, Ana Mar\u00eda Mu\u00f1oz y Marco Espinoza se quedaron con el primer lugar.<\/p>\n<p style=\"text-align: justify;\">En tanto los adultos mayores y mujeres, se llevaron los aplausos, cuadros folcl\u00f3ricos que fueron desde carnavalito tarapaque\u00f1o, fantas\u00eda Todos Juntos y pies de cuecas.<\/p>\n<p style=\"text-align: justify;\">Hern\u00e1n Milla, asistente al taller de Adulto Mayor \u201cRenacer\u201d de Pinamar de La Serena, valor\u00f3 la organizaci\u00f3n de la Pampilla del Deporte. \u201cEsto es lo que necesitamos los adultos mayores, necesitamos la recreaci\u00f3n y eso es muy bueno. Jugamos a tirar el trompo, para que los ni\u00f1os vieran como se jugaba, adem\u00e1s de la rayuela, una actividad muy bonita.\u201d<\/p>\n<p style=\"text-align: justify;\">Por su parte, el Seremi del Deporte, Fernando Medina puntualiz\u00f3. \u201cEstamos recibiendo a cerca de cuatrocientos usuarios, pertenecientes a los talleres de adulto mayor, es una instancia muy alegre, que nos permite reencontrarnos, despu\u00e9s de la pandemia, esta es una oportunidad, para que los usuarios, puedan participar en las distintas actividades que se est\u00e1n realizando, estamos muy contentos por la asistencia y la gran alegr\u00eda que se ve en recinto\u201d.<\/p>\n","protected":false},"excerpt":{"rendered":"<p>Desde Vicu\u00f1a, Andacollo, Coquimbo y la capital regional llegaron los beneficiarios de los diferentes talleres que realiza el IND Coquimbo, para dar inicio a las celebraciones de Fiestas Patrias. Juegos populares, cueca y presentaciones de bailes t\u00edpicos, se hicieron presentes en la tradicional fiesta de la chilenidad, y que este<\/p>\n","protected":false},"author":1,"featured_media":1757,"comment_status":"closed","ping_status":"open","sticky":false,"template":"","format":"standard","meta":{"footnotes":""},"categories":[37],"tags":[],"class_list":["post-1756","post","type-post","status-publish","format-standard","has-post-thumbnail","hentry","category-ind-coquimbo"],"_links":{"self":[{"href":"https:\/\/minutaregional.cl\/index.php?rest_route=\/wp\/v2\/posts\/1756","targetHints":{"allow":["GET"]}}],"collection":[{"href":"https:\/\/minutaregional.cl\/index.php?rest_route=\/wp\/v2\/posts"}],"about":[{"href":"https:\/\/minutaregional.cl\/index.php?rest_route=\/wp\/v2\/types\/post"}],"author":[{"embeddable":true,"href":"https:\/\/minutaregional.cl\/index.php?rest_route=\/wp\/v2\/users\/1"}],"replies":[{"embeddable":true,"href":"https:\/\/minutaregional.cl\/index.php?rest_route=%2Fwp%2Fv2%2Fcomments&post=1756"}],"version-history":[{"count":2,"href":"https:\/\/minutaregional.cl\/index.php?rest_route=\/wp\/v2\/posts\/1756\/revisions"}],"predecessor-version":[{"id":1759,"href":"https:\/\/minutaregional.cl\/index.php?rest_route=\/wp\/v2\/posts\/1756\/revisions\/1759"}],"wp:featuredmedia":[{"embeddable":true,"href":"https:\/\/minutaregional.cl\/index.php?rest_route=\/wp\/v2\/media\/1757"}],"wp:attachment":[{"href":"https:\/\/minutaregional.cl\/index.php?rest_route=%2Fwp%2Fv2%2Fmedia&parent=1756"}],"wp:term":[{"taxonomy":"category","embeddable":true,"href":"https:\/\/minutaregional.cl\/index.php?rest_route=%2Fwp%2Fv2%2Fcategories&post=1756"},{"taxonomy":"post_tag","embeddable":true,"href":"https:\/\/minutaregional.cl\/index.php?rest_route=%2Fwp%2Fv2%2Ftags&post=1756"}],"curies":[{"name":"wp","href":"https:\/\/api.w.org\/{rel}","templated":true}]}}