{"id":1753,"date":"2022-09-12T16:34:24","date_gmt":"2022-09-12T16:34:24","guid":{"rendered":"https:\/\/minutaregional.cl\/?p=1753"},"modified":"2022-09-12T16:35:45","modified_gmt":"2022-09-12T16:35:45","slug":"seremi-de-educacion-anuncia-los-primeros-8-proyectos-de-reparacion-de-infraestructura-escolar-en-la-region-de-coquimbo-con-una-inversion-de-mas-de-559-millones","status":"publish","type":"post","link":"https:\/\/minutaregional.cl\/?p=1753","title":{"rendered":"Seremi de Educaci\u00f3n anuncia los primeros 8 proyectos de reparaci\u00f3n de infraestructura escolar en la Regi\u00f3n de Coquimbo con una inversi\u00f3n de m\u00e1s de $559 millones"},"content":{"rendered":"<p>En el colegio Joaqu\u00edn Vicu\u00f1a Larra\u00edn de la comuna de Vicu\u00f1a, la Seremi de Educaci\u00f3n Cecilia Ram\u00edrez Ch\u00e1vez, junto al alcalde Rafael Vera Castillo, anunci\u00f3 los primeros 8 establecimientos educacionales de la Regi\u00f3n de Coquimbo que recibir\u00e1n recursos del fondo de emergencia para reparaciones de infraestructura, uno de los ejes de la \u201cPol\u00edtica de Reactivaci\u00f3n Educativa Integral \u201cSeamos Comunidad\u201d del Ministerio de Educaci\u00f3n, con una inversi\u00f3n de m\u00e1s de 559 millones de pesos.<\/p>\n<p>En el contexto de este anuncio, la Seremi de Educaci\u00f3n Cecilia Ram\u00edrez Ch\u00e1vez, junto al alcalde de Vicu\u00f1a Rafael Vera Castillo compartieron con la comunidad educativa del colegio Joaqu\u00edn Vicu\u00f1a Larra\u00edn, informando que el colegio fue beneficiado con la reposici\u00f3n de 218 luminarias en sus salas de clases y recintos de administraci\u00f3n, adem\u00e1s de focos led en servicios higi\u00e9nicos, comedor y biblioteca, entre otros, con una inversi\u00f3n de m\u00e1s de $18 millones de pesos ($18.276.844). La comuna de Vicu\u00f1a adem\u00e1s se adjudic\u00f3 un segundo proyecto en la escuela Jos\u00e9 Abelardo Nu\u00f1ez con una inversi\u00f3n superior a los 27 millones de pesos ($27.181.335) para la reparaci\u00f3n de servicios higi\u00e9nicos y camarines.<\/p>\n<p>&nbsp;<\/p>\n<p>La Seremi de Educaci\u00f3n Cecilia Ram\u00edrez Ch\u00e1vez destac\u00f3 que \u201ca nivel regional tenemos 8 proyectos elegibles para firma de convenio del plan de infraestructura de emergencia, que son un poco m\u00e1s de 559 millones de pesos en esta primera parte de la entrega de recursos para el mejoramiento de la infraestructura de las escuelas y liceos de la regi\u00f3n. Es muy importante la mejora de los espacios educativos, de darles dignidad y es parte tambi\u00e9n de la pol\u00edtica de reactivaci\u00f3n de aprendizajes \u201cSeamos Comunidad\u201d. Si no tenemos el espacio educativo como corresponde y digno, los procesos de ense\u00f1anza y aprendizaje se ven afectados. Como Ministerio de Educaci\u00f3n estamos trabajando con esta inyecci\u00f3n de recursos en infraestructura escolar. Para que ni\u00f1as, ni\u00f1os y adolescentes puedan estar en espacios confortables\u201d.<\/p>\n<p>El alcalde de Vicu\u00f1a Rafael Vera Castillo expres\u00f3 estar \u201cfelices y agradecidos del Ministerio de Educaci\u00f3n y de nuestras autoridades que no nos dejan solos. Esto es concursable, presentamos proyectos. Nos da satisfacci\u00f3n sentirnos acompa\u00f1ados de las autoridades. Agradecer a los equipos del DAEM por hacer posibles aquellas necesidades. No nos da felicidad cuando sentimos que a nuestros alumnos, algo les falta en nuestros colegios o algo no est\u00e1 funcionando. En dos colegios, en el Joaqu\u00edn Vicu\u00f1a Larra\u00edn y en Jos\u00e9 Aberlardo Nu\u00f1ez hemos logrado que se aprueben dos proyectos. En la regi\u00f3n se han aprobado 8 proyectos y nuestra comuna de los 8 ha aprobado 2. Es un gran incentivo para seguir postulando. La Seremi comentaba que es una primera etapa y que van a otros proyectos para postular, para lo cual nos estamos preparando\u201d.<\/p>\n<p>El director del colegio Joaqu\u00edn Vicu\u00f1a Larra\u00edn, David V\u00e9liz resalt\u00f3 que el proyecto de reposici\u00f3n de luminarias \u201cera muy necesario y de alta prioridad, dado que estaba afectando de manera directa los procesos de aprendizajes sobre todo en invierno, especialmente en aquellas salas donde hab\u00eda m\u00e1s luminarias defectuosas y que no est\u00e1n cumpliendo con la normativa que se nos exige en educaci\u00f3n. Estamos contentos, sentimos que ha sido escuchado el colegio, de parte del Departamento de Administraci\u00f3n de Educaci\u00f3n (Daem) y acogido por la Seremia de Educaci\u00f3n\u201d.<\/p>\n<p>Para la Presidenta del Centro de Padres y Apoderados, Ang\u00e9lica Ferrada Presidenta del Centro de Padres y Apoderados del colegio Joaqu\u00edn Vicu\u00f1a \u201ces bueno el proyecto que ha ganado el colegio, de muchos millones de pesos para el cambio de luminarias en la sala de clases, porque era un problema que ven\u00eda de hace tiempo. Ahora contenta con este proyecto de iluminaci\u00f3n\u201d.<\/p>\n<p>A nivel regional, en esta primera etapa se han adjudicado 8 proyectos con una inversi\u00f3n de m\u00e1s de 559 millones de pesos ($559.447.249). Los 8 colegios beneficiados son: el colegio Joaqu\u00edn Vicu\u00f1a Larra\u00edn y escuela Jos\u00e9 Abelardo Nu\u00f1ez de la comuna de Vicu\u00f1a; el colegio Punta de Teatinos de la comuna de La Serena; Escuela B\u00e1sica Quel\u00e9n Bajo, Escuela Berta Hidalgo Barahona de Tahuinco y Escuela B\u00e1sica San Agust\u00edn de la comuna de Salamanca; la Escuela B\u00e1sica de Ser\u00f3n y el Liceo Bicentenario de Excelencia Jorge Iribarren Charl\u00edn de la comuna de R\u00edo Hurtado.<\/p>\n<p>A nivel nacional, esta primera adjudicaci\u00f3n, que ir\u00e1 creciendo semana a semana, permitir\u00e1 realizar mejoras urgentes en 120 establecimientos educacionales, con una inversi\u00f3n de m\u00e1s de 14 mil millones de pesos ($14.649.282.535) con una matr\u00edcula superior a los 40 mil estudiantes. Los proyectos adjudicados permitir\u00e1n resolver los deterioros que ponen en riesgo el funcionamiento de los establecimientos educacionales, con problemas sanitarios, el\u00e9ctricos, de habitabilidad y de condiciones de seguridad.<\/p>\n<p>Adem\u00e1s de estos proyectos que cuentan con recursos ya asignados, hay cientos que est\u00e1n en etapa de revisi\u00f3n, correcci\u00f3n y evaluaci\u00f3n por parte del Ministerio, de las Seremis de Educaci\u00f3n y de la Direcci\u00f3n de Educaci\u00f3n P\u00fablica, los que podr\u00edan ser adjudicados progresivamente durante este segundo semestre, siempre que los sostenedores contin\u00faen con el proceso. Se proyecta que la inversi\u00f3n del Ministerio de Educaci\u00f3n en esta primera etapa del plan de infraestructura ascienda a cerca de $60 mil millones.<\/p>\n","protected":false},"excerpt":{"rendered":"<p>En el colegio Joaqu\u00edn Vicu\u00f1a Larra\u00edn de la comuna de Vicu\u00f1a, la Seremi de Educaci\u00f3n Cecilia Ram\u00edrez Ch\u00e1vez, junto al alcalde Rafael Vera Castillo, anunci\u00f3 los primeros 8 establecimientos educacionales de la Regi\u00f3n de Coquimbo que recibir\u00e1n recursos del fondo de emergencia para reparaciones de infraestructura, uno de los ejes<\/p>\n","protected":false},"author":1,"featured_media":1754,"comment_status":"closed","ping_status":"open","sticky":false,"template":"","format":"standard","meta":{"footnotes":""},"categories":[21,40],"tags":[],"class_list":["post-1753","post","type-post","status-publish","format-standard","has-post-thumbnail","hentry","category-municipalidades","category-secreduc_iv"],"_links":{"self":[{"href":"https:\/\/minutaregional.cl\/index.php?rest_route=\/wp\/v2\/posts\/1753","targetHints":{"allow":["GET"]}}],"collection":[{"href":"https:\/\/minutaregional.cl\/index.php?rest_route=\/wp\/v2\/posts"}],"about":[{"href":"https:\/\/minutaregional.cl\/index.php?rest_route=\/wp\/v2\/types\/post"}],"author":[{"embeddable":true,"href":"https:\/\/minutaregional.cl\/index.php?rest_route=\/wp\/v2\/users\/1"}],"replies":[{"embeddable":true,"href":"https:\/\/minutaregional.cl\/index.php?rest_route=%2Fwp%2Fv2%2Fcomments&post=1753"}],"version-history":[{"count":1,"href":"https:\/\/minutaregional.cl\/index.php?rest_route=\/wp\/v2\/posts\/1753\/revisions"}],"predecessor-version":[{"id":1755,"href":"https:\/\/minutaregional.cl\/index.php?rest_route=\/wp\/v2\/posts\/1753\/revisions\/1755"}],"wp:featuredmedia":[{"embeddable":true,"href":"https:\/\/minutaregional.cl\/index.php?rest_route=\/wp\/v2\/media\/1754"}],"wp:attachment":[{"href":"https:\/\/minutaregional.cl\/index.php?rest_route=%2Fwp%2Fv2%2Fmedia&parent=1753"}],"wp:term":[{"taxonomy":"category","embeddable":true,"href":"https:\/\/minutaregional.cl\/index.php?rest_route=%2Fwp%2Fv2%2Fcategories&post=1753"},{"taxonomy":"post_tag","embeddable":true,"href":"https:\/\/minutaregional.cl\/index.php?rest_route=%2Fwp%2Fv2%2Ftags&post=1753"}],"curies":[{"name":"wp","href":"https:\/\/api.w.org\/{rel}","templated":true}]}}