{"id":1747,"date":"2022-09-12T16:23:08","date_gmt":"2022-09-12T16:23:08","guid":{"rendered":"https:\/\/minutaregional.cl\/?p=1747"},"modified":"2022-09-12T16:25:21","modified_gmt":"2022-09-12T16:25:21","slug":"illapel-tiene-los-primeros-dos-vehiculos-de-seguridad-por-el-plan-barrio-seguro","status":"publish","type":"post","link":"https:\/\/minutaregional.cl\/?p=1747","title":{"rendered":"ILLAPEL TIENE LOS PRIMEROS DOS VEH\u00cdCULOS DE SEGURIDAD POR EL PLAN BARRIO SEGURO"},"content":{"rendered":"<audio class=\"wp-audio-shortcode\" id=\"audio-1747-1\" preload=\"none\" style=\"width: 100%;\" controls=\"controls\"><source type=\"audio\/mpeg\" src=\"https:\/\/minutaregional.cl\/wp-content\/uploads\/2022\/09\/Alcalde-Denis-Cortes-Aguilera.mp3?_=1\" \/><a href=\"https:\/\/minutaregional.cl\/wp-content\/uploads\/2022\/09\/Alcalde-Denis-Cortes-Aguilera.mp3\">https:\/\/minutaregional.cl\/wp-content\/uploads\/2022\/09\/Alcalde-Denis-Cortes-Aguilera.mp3<\/a><\/audio>\n<p>AUDIO : ALCALDE DENIS CORTES A.<\/p>\n<p>La Plaza de Armas de la ciudad fue sede de la ceremonia de inauguraci\u00f3n de dos veh\u00edculos de seguridad municipal, la cual cont\u00f3 con la participaci\u00f3n de carabineros de la regi\u00f3n, la Subsecretar\u00eda de Prevenci\u00f3n del Delito, la Delegada Presidencial Provincial, Nataly Carvajal, la Coordinadora Regional de Seguridad, Claudia Assis, en conjunto con otras autoridades de la regi\u00f3n. En el encuentro se present\u00f3 de forma oficial a la comunidad dos veh\u00edculos adquiridos con dinero municipal gracias a la propuesta del Alcalde de Illapel, Denis Cort\u00e9s Aguilera en conjunto con los miembros del concejo municipal para asegurar la tranquilidad de la comunidad, no solo en el centro de la ciudad, sino que tambi\u00e9n en sus sectores residenciales donde puedan llegar con el personal de seguridad y adem\u00e1s con la ratificaci\u00f3n del convenio OS-14 junto a carabineros, lo que est\u00e1 pronto a implementarse. Esta inictiavia permitir\u00e1 a un funcionario de la instituci\u00f3n, poder acompa\u00f1ar al interior del veh\u00edculo en los patrullajes de prevenci\u00f3n y fiscalizaciones, siendo Illapel la primera comuna de la regi\u00f3n en poseer este acuerdo con carabineros.<\/p>\n<p>Los vecinos de la comuna se mostraron muy conformes y felices con esta iniciativa municipal que les transmite cierto nivel de tranquilidad gracias a las nuevas medidas adoptadas por el municipio, ya que la seguridad ciudadana ha sido una preocupaci\u00f3n tanto para ellos como para la administraci\u00f3n \u201cme parece fant\u00e1stico, me parece que es lo que hoy d\u00eda la comunidad necesitaba, Illapel necesita sentirse un poco m\u00e1s seguro, y que bueno que a trav\u00e9s del municipio y los convenios que se puedan haber generado a trav\u00e9s de carabineros, podamos lograrlo\u201c, coment\u00f3 John Bugue\u00f1o, Vecino de la Villa San Rafael de Rozas.<\/p>\n<p>\u201cEl trabajo que se ha ido haciendo, ha sido notable, porque ha habido una buena disposici\u00f3n de la municipalidad, de carabineros, de la comunidad, y obviamente, el trabajo en conjunto, este trabajo colaborativo, participativo, est\u00e1 dando resultados\u201d, coment\u00f3 el General de Carabineros, Rodrigo Espinoza Olea, sobre las acciones que ha tomado la Municipalidad de Illapel, las que permitir\u00e1 trabajar en conjunto con ellos para asegurar de diversas formas la seguridad tanto de la comuna como de los habitantes de la ciudad.<\/p>\n<p>Finalmente el alcalde de la comuna de Illapel, Denis Cort\u00e9s Aguilera se refiri\u00f3 a los diferentes avances que se han logrado en materia de seguridad para la tranquilidad de los ciudadanos en los diferentes sectores de la capital provincial, \u201ces bueno que la gente sepa que hoy d\u00eda, las treinta y dos c\u00e1maras de televigilancia, los dos m\u00f3viles que hoy d\u00eda hemos inaugurado, la aplicaci\u00f3n SoSafe, el *4201, la defensor\u00eda de las v\u00edctimas, todo lo que es los inspectores municipales, adem\u00e1s las luminarias que estamos instalando, los lomos de toros, etc\u00e9tera, son cien por ciento recurso municipal y creo que eso es bueno, porque siempre hoy d\u00eda la gente y los vecinos tienen que saber en que se gastan los recursos de ellos y hoy d\u00eda est\u00e1n al servicio de todos nuestros vecinos y vecinas\u201d.<\/p>\n","protected":false},"excerpt":{"rendered":"<p>AUDIO : ALCALDE DENIS CORTES A. La Plaza de Armas de la ciudad fue sede de la ceremonia de inauguraci\u00f3n de dos veh\u00edculos de seguridad municipal, la cual cont\u00f3 con la participaci\u00f3n de carabineros de la regi\u00f3n, la Subsecretar\u00eda de Prevenci\u00f3n del Delito, la Delegada Presidencial Provincial, Nataly Carvajal, la<\/p>\n","protected":false},"author":1,"featured_media":1748,"comment_status":"closed","ping_status":"open","sticky":false,"template":"","format":"standard","meta":{"footnotes":""},"categories":[22],"tags":[],"class_list":["post-1747","post","type-post","status-publish","format-standard","has-post-thumbnail","hentry","category-muni-illapel"],"_links":{"self":[{"href":"https:\/\/minutaregional.cl\/index.php?rest_route=\/wp\/v2\/posts\/1747","targetHints":{"allow":["GET"]}}],"collection":[{"href":"https:\/\/minutaregional.cl\/index.php?rest_route=\/wp\/v2\/posts"}],"about":[{"href":"https:\/\/minutaregional.cl\/index.php?rest_route=\/wp\/v2\/types\/post"}],"author":[{"embeddable":true,"href":"https:\/\/minutaregional.cl\/index.php?rest_route=\/wp\/v2\/users\/1"}],"replies":[{"embeddable":true,"href":"https:\/\/minutaregional.cl\/index.php?rest_route=%2Fwp%2Fv2%2Fcomments&post=1747"}],"version-history":[{"count":3,"href":"https:\/\/minutaregional.cl\/index.php?rest_route=\/wp\/v2\/posts\/1747\/revisions"}],"predecessor-version":[{"id":1752,"href":"https:\/\/minutaregional.cl\/index.php?rest_route=\/wp\/v2\/posts\/1747\/revisions\/1752"}],"wp:featuredmedia":[{"embeddable":true,"href":"https:\/\/minutaregional.cl\/index.php?rest_route=\/wp\/v2\/media\/1748"}],"wp:attachment":[{"href":"https:\/\/minutaregional.cl\/index.php?rest_route=%2Fwp%2Fv2%2Fmedia&parent=1747"}],"wp:term":[{"taxonomy":"category","embeddable":true,"href":"https:\/\/minutaregional.cl\/index.php?rest_route=%2Fwp%2Fv2%2Fcategories&post=1747"},{"taxonomy":"post_tag","embeddable":true,"href":"https:\/\/minutaregional.cl\/index.php?rest_route=%2Fwp%2Fv2%2Ftags&post=1747"}],"curies":[{"name":"wp","href":"https:\/\/api.w.org\/{rel}","templated":true}]}}