{"id":1744,"date":"2022-09-12T12:43:13","date_gmt":"2022-09-12T12:43:13","guid":{"rendered":"https:\/\/minutaregional.cl\/?p=1744"},"modified":"2022-09-12T12:43:13","modified_gmt":"2022-09-12T12:43:13","slug":"ucn-realiza-la-primera-feria-de-prevencion-de-la-violencia-de-genero-y-salud-mental","status":"publish","type":"post","link":"https:\/\/minutaregional.cl\/?p=1744","title":{"rendered":"UCN realiza la primera Feria de Prevenci\u00f3n de la Violencia de G\u00e9nero y Salud Mental"},"content":{"rendered":"<p>Una exitosa jornada se vivi\u00f3 en la primera Feria de Prevenci\u00f3n de la Violencia de G\u00e9nero y Salud Mental en el Campus Guayac\u00e1n, organizada por la Secretar\u00eda de G\u00e9nero de la UCN, Sede Coquimbo que cont\u00f3 con la participaci\u00f3n de instituciones y organizaciones de la regi\u00f3n.<\/p>\n<p>Estudiantes de distintas carreras recorrieron los 40 m\u00f3dulos instalados en el lugar, donde recibieron informaci\u00f3n y consejos en tem\u00e1ticas como derechos humanos, g\u00e9nero, prevenci\u00f3n de la violencia y autocuidado, entre otras.<\/p>\n<p>Carolina Salinas Alarc\u00f3n, Secretaria de G\u00e9nero de la UCN Coquimbo, se\u00f1al\u00f3 que \u201cesta feria tuvo por objetivo fomentar espacios libres de violencia de g\u00e9nero y dar a conocer a la comunidad universitaria los apoyos, servicios e iniciativas que existen, tanto a nivel interno en la universidad como a nivel p\u00fablico; para brindar acompa\u00f1amiento y educaci\u00f3n en tem\u00e1ticas de g\u00e9nero y salud mental. Lo m\u00e1s destacable fue la articulaci\u00f3n que se logr\u00f3 y la sinergia entre las distintas unidades y destaco muy positivamente la asistencia de las y los estudiantes que participaron de las actividades y se informaron sobre la tem\u00e1tica\u201d.<\/p>\n<p>Para la estudiante de la carrera Nutrici\u00f3n y Diet\u00e9tica UCN, Michelle Morales Castillo, esta feria fue s\u00faper interesante \u201cpudimos compartir y conocer distintos programas de apoyo a los j\u00f3venes y tambi\u00e9n otras unidades, tanto internas como externas, relacionadas con salud mental y prevenci\u00f3n de violencia de g\u00e9nero y fue una linda oportunidad para mostrar nuestra labor como voluntariado de la UCN\u201d.<\/p>\n<p>Esta iniciativa cont\u00f3 con la colaboraci\u00f3n de distintas unidades de la Universidad como el Centro de salud, el Departamento Estudiantil, Vive UCN, Galp\u00f3n Cultural, Deportes, Pastoral, \u00c9xito Acad\u00e9mico, Programa Ahora, PACE, Voluntariado Huellas, Voluntariado RAEMP, Voluntariado J\u00f3venes por la salud, Voluntariado Acci\u00f3n Social, Voluntariado Pastoral Juvenil, Tuna Estudiantil y Grupo de Cueca Brava.<\/p>\n<p>Las Instituciones externas presentes fueron: Instituto Nacional de Derechos Humanos (INDH); Ministerio de la Mujer y Equidad de G\u00e9nero, Sernameg, Centro Amigable, Fundaci\u00f3n Madre Josefa, ABOFEM, Centro Verdes y Violetas, Centro de Reeducaci\u00f3n de Hombres, Prodemu, Municipalidad de Coquimbo, Senda, Cuadrilla Sanitaria MINSAL y Direcci\u00f3n Provincial de Educaci\u00f3n.<\/p>\n<p>POR UNA SOCIEDAD M\u00c1S PLURALISTA<\/p>\n<p>El Rector Dr. Rodrigo Alda Varas, quien recorri\u00f3 la feria junto a las autoridades y estudiantes presentes, se\u00f1al\u00f3 que \u201cestamos trabajando colaborativamente para tener una instituci\u00f3n libre de violencia y particularmente en el \u00e1mbito de g\u00e9nero estamos muy comprometidos con este trabajo a trav\u00e9s de nuestra secretaria de g\u00e9nero. Hoy tenemos un 47% de mujeres en nuestra universidad que es un buen indicador que podemos mejorar, adem\u00e1s tenemos un desaf\u00edo en el \u00e1mbito de mujeres investigadoras y lo importante que tenemos claro el camino y es un \u00e1rea estrat\u00e9gica para el desarrollo de una sociedad m\u00e1s pluralista\u201d.<\/p>\n<p>La Seremi de la Mujer y Equidad de G\u00e9nero, Fernanda Glaser Danton, expres\u00f3 que, \u201ccomo Ministerio estamos muy contentas de estar presentes en esta iniciativa, y por la gran participaci\u00f3n que tuvo la comunidad educativa. Esta Feria de prevenci\u00f3n de violencia de g\u00e9nero y promoci\u00f3n de salud mental es una instancia significativa para difundir, educar y generar m\u00e1s aprendizaje sobre estas materias. Esperamos que este tipo de idea se sigan replicando en distintos espacios e instituciones de la regi\u00f3n\u201d.<\/p>\n<p>&nbsp;<\/p>\n<p>&nbsp;<\/p>\n<p>&nbsp;<\/p>\n<p>&nbsp;<\/p>\n","protected":false},"excerpt":{"rendered":"<p>Una exitosa jornada se vivi\u00f3 en la primera Feria de Prevenci\u00f3n de la Violencia de G\u00e9nero y Salud Mental en el Campus Guayac\u00e1n, organizada por la Secretar\u00eda de G\u00e9nero de la UCN, Sede Coquimbo que cont\u00f3 con la participaci\u00f3n de instituciones y organizaciones de la regi\u00f3n. Estudiantes de distintas carreras<\/p>\n","protected":false},"author":1,"featured_media":1745,"comment_status":"closed","ping_status":"open","sticky":false,"template":"","format":"standard","meta":{"footnotes":""},"categories":[8],"tags":[],"class_list":["post-1744","post","type-post","status-publish","format-standard","has-post-thumbnail","hentry","category-columna-de-opinion"],"_links":{"self":[{"href":"https:\/\/minutaregional.cl\/index.php?rest_route=\/wp\/v2\/posts\/1744","targetHints":{"allow":["GET"]}}],"collection":[{"href":"https:\/\/minutaregional.cl\/index.php?rest_route=\/wp\/v2\/posts"}],"about":[{"href":"https:\/\/minutaregional.cl\/index.php?rest_route=\/wp\/v2\/types\/post"}],"author":[{"embeddable":true,"href":"https:\/\/minutaregional.cl\/index.php?rest_route=\/wp\/v2\/users\/1"}],"replies":[{"embeddable":true,"href":"https:\/\/minutaregional.cl\/index.php?rest_route=%2Fwp%2Fv2%2Fcomments&post=1744"}],"version-history":[{"count":1,"href":"https:\/\/minutaregional.cl\/index.php?rest_route=\/wp\/v2\/posts\/1744\/revisions"}],"predecessor-version":[{"id":1746,"href":"https:\/\/minutaregional.cl\/index.php?rest_route=\/wp\/v2\/posts\/1744\/revisions\/1746"}],"wp:featuredmedia":[{"embeddable":true,"href":"https:\/\/minutaregional.cl\/index.php?rest_route=\/wp\/v2\/media\/1745"}],"wp:attachment":[{"href":"https:\/\/minutaregional.cl\/index.php?rest_route=%2Fwp%2Fv2%2Fmedia&parent=1744"}],"wp:term":[{"taxonomy":"category","embeddable":true,"href":"https:\/\/minutaregional.cl\/index.php?rest_route=%2Fwp%2Fv2%2Fcategories&post=1744"},{"taxonomy":"post_tag","embeddable":true,"href":"https:\/\/minutaregional.cl\/index.php?rest_route=%2Fwp%2Fv2%2Ftags&post=1744"}],"curies":[{"name":"wp","href":"https:\/\/api.w.org\/{rel}","templated":true}]}}