{"id":1741,"date":"2022-09-12T12:31:45","date_gmt":"2022-09-12T12:31:45","guid":{"rendered":"https:\/\/minutaregional.cl\/?p=1741"},"modified":"2022-09-12T12:31:45","modified_gmt":"2022-09-12T12:31:45","slug":"vecinos-de-coquimbo-conocen-la-nueva-infraestructura-del-jardin-infantil-risitas","status":"publish","type":"post","link":"https:\/\/minutaregional.cl\/?p=1741","title":{"rendered":"Vecinos de Coquimbo conocen la nueva infraestructura del jard\u00edn infantil Risitas"},"content":{"rendered":"<p>M\u00e1s de 200 millones de pesos se invirtieron desde la JUNJI para la realizaci\u00f3n de obras de mejoramiento del establecimiento, el cual data de los a\u00f1os 90.<\/p>\n<p>Un edificio totalmente nuevo recibir\u00e1 a ni\u00f1os y ni\u00f1as, una vez inicie funcionamiento el jard\u00edn infantil y sala cuna Risitas, ubicado en el sector de Tierras Blancas de Coquimbo, el cual fue presentando a la comunidad en la reuni\u00f3n organizada por JUNJI \u201cSomos Vecinos\u201d, donde profesionales de la Unidad de Construcci\u00f3n y Mantenci\u00f3n de Espacios Educativos de la instituci\u00f3n dieron a conocer las caracter\u00edsticas de la construcci\u00f3n y detalles de la nueva infraestructura.<\/p>\n<p>\u201cPara nuestra instituci\u00f3n trabajar de la mano con la comunidad es fundamental, es por eso que realizamos este encuentro para presentarles los nuevos espacios educativos, que brindar\u00e1 a ni\u00f1os y ni\u00f1as una educaci\u00f3n de calidad acorde a sus necesidades de aprendizaje y desarrollo, por lo que estamos muy felices y contentos, ya que pronto iniciar\u00e1 actividades con p\u00e1rvulos\u201d, se\u00f1al\u00f3 Marta Barraza, directora regional de JUNJI (S).<\/p>\n<p>En esa l\u00ednea, Rosario Godoy, educadora de p\u00e1rvulos y encargada del jard\u00edn, destaca que \u201ccomo equipo es un momento muy importante, es lo principal que est\u00e1bamos esperando antes de iniciar con ni\u00f1os, la comunidad fue un factor preponderante en el proceso educativo y poder tener el tiempo y la oportunidad de mostrarles a todos quienes han vivido este proceso, porque ellos se siente parte de este proceso, es una oportunidad que a veces cuesta encontrarla, por lo que estamos muy felices de hacer instancia, de tener a los vecinos, entidades p\u00fablicas, lo que para nosotras es maravilloso\u201d.<\/p>\n<p>Por su parte, Albina P\u00e9rez, vecina del sector e integrante del Consejo de Desarrollo de Tierras Blancas, valor\u00f3 la construcci\u00f3n del nuevo recinto educativo.<\/p>\n<p>\u201cEstoy feliz por los ni\u00f1os porque la etapa de vida que uno m\u00e1s recuerda es la ni\u00f1ez, le\u00ed una frase que dice que la ense\u00f1anza se recibe en la familia y ahora la familia pasa a ser el jard\u00edn infantil. Nosotros como vecinos, nos encargamos que los ni\u00f1os tengan un entorno limpio y de ense\u00f1arles valores como cuidado del medio ambiente, adem\u00e1s nosotros tenemos el compromiso de cuidar el jard\u00edn, as\u00ed tambi\u00e9n a los ni\u00f1os y ni\u00f1as como al equipo\u201d.<\/p>\n<p>Cabe destacar, que este jard\u00edn tiene una cobertura para atender a 42 ni\u00f1as y ni\u00f1os en dos niveles educativos, 1 sala cuna heterog\u00e9nea y 1 nivel medio heterog\u00e9neo. El inicio de actividades con p\u00e1rvulos se prev\u00e9 posterior a las celebraciones de fiestas patrias, lo que se informar\u00e1 a la comunidad a trav\u00e9s del equipo educativo y canales de comunicaci\u00f3n oficiales de Junji Coquimbo.<\/p>\n<p>Caracter\u00edsticas del nuevo establecimiento<\/p>\n<p>Con una inversi\u00f3n de $247.365.675 pesos, se llev\u00f3 a cabo durante un periodo de 424 d\u00edas, la construcci\u00f3n del nuevo edificio. Entre sus terminaciones y equipamiento cuenta con:<\/p>\n<p>Cer\u00e1micos en pisos y muros (Cocinas, ba\u00f1os, S.H.H y Sala de mudas)<\/p>\n<p>Piso vin\u00edlico en rollo &#8211; Patio de juegos 2\u00b0Piso<\/p>\n<p>Piso caucho \u2013 Patio de juegos 1\u00b0Piso<\/p>\n<p>Ventanas de termopanel.<\/p>\n<p>Citofon\u00eda- Alarma.<\/p>\n<p>Equipos de Aire Acondicionado<\/p>\n<p>Ascensor<\/p>\n<p>Tobog\u00e1n de emergencia<\/p>\n<p>&nbsp;<\/p>\n<p>&nbsp;<\/p>\n<p>&nbsp;<\/p>\n<p>&nbsp;<\/p>\n<p>&nbsp;<\/p>\n","protected":false},"excerpt":{"rendered":"<p>M\u00e1s de 200 millones de pesos se invirtieron desde la JUNJI para la realizaci\u00f3n de obras de mejoramiento del establecimiento, el cual data de los a\u00f1os 90. Un edificio totalmente nuevo recibir\u00e1 a ni\u00f1os y ni\u00f1as, una vez inicie funcionamiento el jard\u00edn infantil y sala cuna Risitas, ubicado en el<\/p>\n","protected":false},"author":1,"featured_media":1742,"comment_status":"closed","ping_status":"open","sticky":false,"template":"","format":"standard","meta":{"footnotes":""},"categories":[43],"tags":[],"class_list":["post-1741","post","type-post","status-publish","format-standard","has-post-thumbnail","hentry","category-junji-coquimbo"],"_links":{"self":[{"href":"https:\/\/minutaregional.cl\/index.php?rest_route=\/wp\/v2\/posts\/1741","targetHints":{"allow":["GET"]}}],"collection":[{"href":"https:\/\/minutaregional.cl\/index.php?rest_route=\/wp\/v2\/posts"}],"about":[{"href":"https:\/\/minutaregional.cl\/index.php?rest_route=\/wp\/v2\/types\/post"}],"author":[{"embeddable":true,"href":"https:\/\/minutaregional.cl\/index.php?rest_route=\/wp\/v2\/users\/1"}],"replies":[{"embeddable":true,"href":"https:\/\/minutaregional.cl\/index.php?rest_route=%2Fwp%2Fv2%2Fcomments&post=1741"}],"version-history":[{"count":1,"href":"https:\/\/minutaregional.cl\/index.php?rest_route=\/wp\/v2\/posts\/1741\/revisions"}],"predecessor-version":[{"id":1743,"href":"https:\/\/minutaregional.cl\/index.php?rest_route=\/wp\/v2\/posts\/1741\/revisions\/1743"}],"wp:featuredmedia":[{"embeddable":true,"href":"https:\/\/minutaregional.cl\/index.php?rest_route=\/wp\/v2\/media\/1742"}],"wp:attachment":[{"href":"https:\/\/minutaregional.cl\/index.php?rest_route=%2Fwp%2Fv2%2Fmedia&parent=1741"}],"wp:term":[{"taxonomy":"category","embeddable":true,"href":"https:\/\/minutaregional.cl\/index.php?rest_route=%2Fwp%2Fv2%2Fcategories&post=1741"},{"taxonomy":"post_tag","embeddable":true,"href":"https:\/\/minutaregional.cl\/index.php?rest_route=%2Fwp%2Fv2%2Ftags&post=1741"}],"curies":[{"name":"wp","href":"https:\/\/api.w.org\/{rel}","templated":true}]}}