{"id":1738,"date":"2022-09-10T20:20:29","date_gmt":"2022-09-10T20:20:29","guid":{"rendered":"https:\/\/minutaregional.cl\/?p=1738"},"modified":"2022-09-10T20:20:29","modified_gmt":"2022-09-10T20:20:29","slug":"familias-de-la-higuera-y-la-serena-vuelven-a-sufrir-interrupcion-de-suministro-electrico-tras-robo-de-cables-de-cobre","status":"publish","type":"post","link":"https:\/\/minutaregional.cl\/?p=1738","title":{"rendered":"Familias de La Higuera y La Serena vuelven a sufrir interrupci\u00f3n de suministro el\u00e9ctrico tras robo de cables de cobre"},"content":{"rendered":"<p>Por segunda vez en menos de un mes, delincuentes sustrajeron m\u00e1s de 2.000 metros de este conductor de energ\u00eda, dejando a casi 2.700 clientes sin servicio.<\/p>\n<p>Por segunda vez en un mes, la continuidad del suministro el\u00e9ctrico para 2.649 familias de La Higuera y de Quilac\u00e1n en La Serena, adem\u00e1s de algunas localidades de Atacama, se vio alterado por la acci\u00f3n de delincuentes que volvieron a atentar contra la infraestructura que la empresa CGE tiene en dichos sectores. Esto, luego que durante la noche de este viernes y madrugada de s\u00e1bado se sustrajera un total 2.040 metros de cable de cobre.<\/p>\n<p>Este hecho delictual se efectu\u00f3 poco antes de las 21:00 horas a la altura del peaje de Punta Colorada en la Ruta 5 Norte. All\u00ed, un grupo indeterminado de sujetos cort\u00f3 cables de cobre con la intenci\u00f3n de robarlos y revenderlos en el comercio ilegal. Los delincuentes lograron su cometido y se hicieron de 1.800 metros (600 metros de l\u00ednea trif\u00e1sica).<\/p>\n<p>Eso s\u00ed, a diferencia del hecho anterior ocurrido a fines de julio, esta vez no hubo infraestructura comprometida como postes, transformadores y protecciones, por lo que la recuperaci\u00f3n de los 2.353 clientes que estaban sin servicio fue a eso de las 12:20 horas de este s\u00e1bado. Es importante destacar que entre los afectados tambi\u00e9n se encontraban familias de Caleta Cha\u00f1aral, perteneciente a la comuna de Freirina y de localidades colindantes de la comuna de Vallenar, ambas de la Regi\u00f3n de Atacama.<\/p>\n<p>Como parte de sus protocolos de contenci\u00f3n ante este tipo de hechos, CGE respald\u00f3 a gran parte de sus clientes a trav\u00e9s de equipos de generaci\u00f3n dispuestos en tres sectores de la comuna: Caleta Los Hornos, Pueblo de La Higuera y Punta de Choros. Junto con ello, se activ\u00f3 el dispositivo instalado en Carrizalillo (Freirina), permitiendo que, a las pocas horas de ocurrido el hecho, 1.545 familias recuperaran el suministro.<\/p>\n<p>Pasadas las 03:00 horas, nuevamente las alertas de los sistemas que posee la compa\u00f1\u00eda se encendieron, luego que sujetos llegaran hasta el sector rural de Quilac\u00e1n en La Serena (camino hacia el valle de Elqui) donde lograron robar 240 metros de cable (120 metros de l\u00ednea bif\u00e1sica) desde la cabecera del pueblo, dejando a todos sus habitantes sin energ\u00eda. En total, 296 familias afectadas y que tras los esfuerzos desplegados por la compa\u00f1\u00eda, se les normalizaron sus servicios a las 13:45 horas de este s\u00e1bado.<\/p>\n<p>Como parte de los procedimientos adoptados por CGE ante este tipo de il\u00edcitos, estuvo proporcionar todos los antecedentes a los organismos competentes para presentar una querella, debido a la reiteraci\u00f3n y al da\u00f1o a la seguridad y continuidad del suministro el\u00e9ctrico. Con esto se busca establecer responsabilidades en los sujetos que est\u00e1n detr\u00e1s de este delito, adem\u00e1s, de determinar el destino y reducci\u00f3n del conductor de cobre que ha sido sustra\u00eddo desde las redes el\u00e9ctricas.<\/p>\n<p>\u201cEste tipo de delito no s\u00f3lo afecta a las instalaciones de distribuci\u00f3n de energ\u00eda, sino que tambi\u00e9n tiene lamentables consecuencias para la calidad de vida de las personas. Por lo mismo, la empresa hace un llamado a la comunidad a denunciar cualquier atentado o intervenci\u00f3n no autorizada en las redes el\u00e9ctricas para tomar las acciones legales correspondientes\u201d, coment\u00f3 Alejandro Aguilera, gerente zonal (s) de Coquimbo\u201d.<\/p>\n<p>Asimismo, ya se trabaja en conjunto con autoridades, Ministerio P\u00fablico, polic\u00edas y otros organismos del Estado en una mesa para evitar el robo de cables. Esto, a trav\u00e9s de la implementaci\u00f3n de estrategias conjuntas que permitan disminuir las interrupciones de suministro derivadas de estos hurtos que atentan contra el servicio. \u201cVamos a reforzar nuestro trabajo con las autoridades, Fiscal\u00eda y las polic\u00edas para elaborar un plan de acci\u00f3n que nos permita aumentar la seguridad en torno a las instalaciones el\u00e9ctricas de distribuci\u00f3n, ya que nuestra principal preocupaci\u00f3n es la calidad y continuidad del servicio para nuestros clientes\u201d, se\u00f1al\u00f3 Alejandro Aguilera.<\/p>\n<p>&nbsp;<\/p>\n","protected":false},"excerpt":{"rendered":"<p>Por segunda vez en menos de un mes, delincuentes sustrajeron m\u00e1s de 2.000 metros de este conductor de energ\u00eda, dejando a casi 2.700 clientes sin servicio. Por segunda vez en un mes, la continuidad del suministro el\u00e9ctrico para 2.649 familias de La Higuera y de Quilac\u00e1n en La Serena, adem\u00e1s<\/p>\n","protected":false},"author":1,"featured_media":1739,"comment_status":"closed","ping_status":"open","sticky":false,"template":"","format":"standard","meta":{"footnotes":""},"categories":[49],"tags":[],"class_list":["post-1738","post","type-post","status-publish","format-standard","has-post-thumbnail","hentry","category-cge-distribucion-s-a"],"_links":{"self":[{"href":"https:\/\/minutaregional.cl\/index.php?rest_route=\/wp\/v2\/posts\/1738","targetHints":{"allow":["GET"]}}],"collection":[{"href":"https:\/\/minutaregional.cl\/index.php?rest_route=\/wp\/v2\/posts"}],"about":[{"href":"https:\/\/minutaregional.cl\/index.php?rest_route=\/wp\/v2\/types\/post"}],"author":[{"embeddable":true,"href":"https:\/\/minutaregional.cl\/index.php?rest_route=\/wp\/v2\/users\/1"}],"replies":[{"embeddable":true,"href":"https:\/\/minutaregional.cl\/index.php?rest_route=%2Fwp%2Fv2%2Fcomments&post=1738"}],"version-history":[{"count":1,"href":"https:\/\/minutaregional.cl\/index.php?rest_route=\/wp\/v2\/posts\/1738\/revisions"}],"predecessor-version":[{"id":1740,"href":"https:\/\/minutaregional.cl\/index.php?rest_route=\/wp\/v2\/posts\/1738\/revisions\/1740"}],"wp:featuredmedia":[{"embeddable":true,"href":"https:\/\/minutaregional.cl\/index.php?rest_route=\/wp\/v2\/media\/1739"}],"wp:attachment":[{"href":"https:\/\/minutaregional.cl\/index.php?rest_route=%2Fwp%2Fv2%2Fmedia&parent=1738"}],"wp:term":[{"taxonomy":"category","embeddable":true,"href":"https:\/\/minutaregional.cl\/index.php?rest_route=%2Fwp%2Fv2%2Fcategories&post=1738"},{"taxonomy":"post_tag","embeddable":true,"href":"https:\/\/minutaregional.cl\/index.php?rest_route=%2Fwp%2Fv2%2Ftags&post=1738"}],"curies":[{"name":"wp","href":"https:\/\/api.w.org\/{rel}","templated":true}]}}