{"id":1729,"date":"2022-09-10T00:51:55","date_gmt":"2022-09-10T00:51:55","guid":{"rendered":"https:\/\/minutaregional.cl\/?p=1729"},"modified":"2022-09-10T00:51:55","modified_gmt":"2022-09-10T00:51:55","slug":"pdi-detiene-a-violenta-banda-por-diversos-robos-a-peatones-y-locales-comerciales-en-coquimbo","status":"publish","type":"post","link":"https:\/\/minutaregional.cl\/?p=1729","title":{"rendered":"PDI DETIENE A VIOLENTA BANDA POR DIVERSOS ROBOS A PEATONES Y LOCALES COMERCIALES EN COQUIMBO"},"content":{"rendered":"<p style=\"text-align: justify;\">Detectives de la Brigada Investigadora de Robos La Serena establecieron la participaci\u00f3n de 2 adultos y un adolescente que, armados, intimidaban a sus v\u00edctimas para robarles dinero en efectivo.<\/p>\n<p style=\"text-align: justify;\">Con un arma abordaron a los transe\u00fantes que paseaban por La Herradura, el pasado 4 de junio. En ese mismo d\u00eda fueron cuatro las v\u00edctimas que sufrieron la intimidaci\u00f3n de una banda que las abord\u00f3 violentamente para sustraerles dinero en efectivo y tambi\u00e9n en un local comercial del sector.<\/p>\n<p style=\"text-align: justify;\">Pas\u00f3 poco m\u00e1s de una semana y en el sector el Sauce, volvieron a la carga en dos almacenes de barrio, con el mismo modus operandis, intimidando con un arma a sus v\u00edctimas y robarse la recaudaci\u00f3n de la jornada desde la caja de los negocios.<\/p>\n<p style=\"text-align: justify;\">As\u00ed lo estableci\u00f3 la investigaci\u00f3n de los detectives de la Brigada Investigadora de Robos La Serena, que reunieron diversos antecedentes y evidencias que permitieron vincular a dos adultos y un adolescente, como autores de 5 delitos cometidos en Coquimbo.<\/p>\n<p style=\"text-align: justify;\"><strong>\u201cLogramos identificar a los integrantes de esta peligrosa banda criminal, que tienen entre los 15 y 22 a\u00f1os de edad. Mediante un trabajo de an\u00e1lisis criminal e inteligencia policial, logramos reunir informaci\u00f3n relevante para que el Ministerio P\u00fablico gestionara las \u00f3rdenes judiciales de entrada y registro en algunos domicilios del sector El Sauce, Punta Mira y Sindempart, donde procedimos con la detenci\u00f3n de los 3 imputados\u201d,<\/strong> se\u00f1al\u00f3 el subprefecto Fernando Rojas, jefe de la Brigada Investigadora de Robos La Serena.<\/p>\n<p style=\"text-align: justify;\">El an\u00e1lisis de las c\u00e1maras de seguridad, el testimonio de las v\u00edctimas, entre otras evidencias, fueron trascendentales para identificar a los imputados. Tras la investigaci\u00f3n, en conjunto con la fiscal\u00eda, y el desarrollo de la Operaci\u00f3n Punta Azul de la PDI, fueron puestos a disposici\u00f3n de la justicia y formalizados por robos con intimidaci\u00f3n y con violencia.<\/p>\n<p style=\"text-align: justify;\"><strong>\u201cPara una investigaci\u00f3n efectiva, es muy importante la denuncia oportuna que nosotros recibimos en cada unidad. As\u00ed vamos analizando los antecedentes y evaluando diversos factores que nos permiten focalizar los esfuerzos e identificar ciertas tendencias criminales y establecer los focos investigativos, por lo que el trabajo en conjunto con la comunidad siempre es significativo para la labor policial\u201d,<\/strong> se\u00f1al\u00f3 el subprefecto Rojas.<\/p>\n<p style=\"text-align: justify;\">Tras la audiencia de formalizaci\u00f3n de los cargos en su contra, los tres imputados quedaron en prisi\u00f3n preventiva por el peligro que representan para la sociedad y el tribunal autoriz\u00f3 90 d\u00edas para desarrollar la investigaci\u00f3n.<\/p>\n","protected":false},"excerpt":{"rendered":"<p>Detectives de la Brigada Investigadora de Robos La Serena establecieron la participaci\u00f3n de 2 adultos y un adolescente que, armados, intimidaban a sus v\u00edctimas para robarles dinero en efectivo. Con un arma abordaron a los transe\u00fantes que paseaban por La Herradura, el pasado 4 de junio. En ese mismo d\u00eda<\/p>\n","protected":false},"author":1,"featured_media":1730,"comment_status":"closed","ping_status":"open","sticky":false,"template":"","format":"standard","meta":{"footnotes":""},"categories":[14],"tags":[],"class_list":["post-1729","post","type-post","status-publish","format-standard","has-post-thumbnail","hentry","category-pdi"],"_links":{"self":[{"href":"https:\/\/minutaregional.cl\/index.php?rest_route=\/wp\/v2\/posts\/1729","targetHints":{"allow":["GET"]}}],"collection":[{"href":"https:\/\/minutaregional.cl\/index.php?rest_route=\/wp\/v2\/posts"}],"about":[{"href":"https:\/\/minutaregional.cl\/index.php?rest_route=\/wp\/v2\/types\/post"}],"author":[{"embeddable":true,"href":"https:\/\/minutaregional.cl\/index.php?rest_route=\/wp\/v2\/users\/1"}],"replies":[{"embeddable":true,"href":"https:\/\/minutaregional.cl\/index.php?rest_route=%2Fwp%2Fv2%2Fcomments&post=1729"}],"version-history":[{"count":1,"href":"https:\/\/minutaregional.cl\/index.php?rest_route=\/wp\/v2\/posts\/1729\/revisions"}],"predecessor-version":[{"id":1731,"href":"https:\/\/minutaregional.cl\/index.php?rest_route=\/wp\/v2\/posts\/1729\/revisions\/1731"}],"wp:featuredmedia":[{"embeddable":true,"href":"https:\/\/minutaregional.cl\/index.php?rest_route=\/wp\/v2\/media\/1730"}],"wp:attachment":[{"href":"https:\/\/minutaregional.cl\/index.php?rest_route=%2Fwp%2Fv2%2Fmedia&parent=1729"}],"wp:term":[{"taxonomy":"category","embeddable":true,"href":"https:\/\/minutaregional.cl\/index.php?rest_route=%2Fwp%2Fv2%2Fcategories&post=1729"},{"taxonomy":"post_tag","embeddable":true,"href":"https:\/\/minutaregional.cl\/index.php?rest_route=%2Fwp%2Fv2%2Ftags&post=1729"}],"curies":[{"name":"wp","href":"https:\/\/api.w.org\/{rel}","templated":true}]}}