{"id":1726,"date":"2022-09-10T00:41:40","date_gmt":"2022-09-10T00:41:40","guid":{"rendered":"https:\/\/minutaregional.cl\/?p=1726"},"modified":"2022-09-10T00:41:40","modified_gmt":"2022-09-10T00:41:40","slug":"64-parejas-fueron-parte-del-42-concurso-comunal-de-cueca-escolar-pedregal-2022","status":"publish","type":"post","link":"https:\/\/minutaregional.cl\/?p=1726","title":{"rendered":"64 PAREJAS FUERON PARTE DEL 42\u00b0 CONCURSO COMUNAL DE CUECA ESCOLAR, PEDREGAL 2022"},"content":{"rendered":"<p style=\"text-align: justify;\">EN EL MARCO DE LAS ACTIVIDADES PROGRAMADAS PARA CELEBRAR EL ANIVERSARIO DE LA COMUNA DE MONTE PATRIA Y ADEM\u00c1S, FIESTAS PATRIAS, ES QUE SE REALIZ\u00d3 EL TRADICIONAL CONCURSO COMUNAL DE CUECA ESCOLAR, PEDREGAL 2022, EN SU VERSI\u00d3N 42\u00b0,\u00a0 EL QUE CONT\u00d3 CON UNA GRAN PARTICIPACI\u00d3N DE AUTORIDADES, ESTUDIANTES Y APODERADOS\u00a0DE DISTINTOS\u00a0ESTABLECIMIENTOS EDUCACIONALES DEL TERRITORIO MONTEPATRINO.<\/p>\n<p style=\"text-align: justify;\">DESDE LOS LINEAMIENTOS TRANSMITIDOS DESDE LA MUNICIPALIDAD DE MONTE PATRIA, A TRAV\u00c9S DEL DEPARTAMENTO DE EDUCACI\u00d3N, SE HA VUELTO FUNDAMENTAL PODER GENERAR DISTINTAS ESTRATEGIAS E INSTANCIAS DONDE SE DE REALCE A LA PARTICIPACI\u00d3N DE NI\u00d1OS, NI\u00d1AS Y ADOLESCENTES.<\/p>\n<p style=\"text-align: justify;\">OLGA BARRAZA, ALCADESA SUBROGANTE DE MONTE PATRIA, SE REFIRI\u00d3 SOBRE LA ACTIVIDAD ENFATIZANDO EN LA IMPORTANCIA DE VOLVER A RETOMAR ESTE HITO TRAS LA PANDEMIA. AS\u00cd, DESTAC\u00d3 TAMBI\u00c9N EL GRAN NIVEL DE LAS PAREJAS EN COMPETENCIA.<\/p>\n<p style=\"text-align: justify;\">ES AS\u00cd COMO ESTE 8 DE SEPTIEMBRE DEL PRESENTE A\u00d1O Y CON EL OBJETIVO DE DESCENTRALIZAR ACTIVIDADES, SOBRE TODO HITOS DEL SISTEMA EDUCATIVO MONTEPATRINO, ES QUE SE DIO VIDA A ESTE ENCUENTRO EN LA ESCUELA SANTA BERNARDITA DE PEDREGAL.<\/p>\n<p style=\"text-align: justify;\">EL DIRECTOR SUBROGANTE DEL DEPARTAMENTO DE EDUCACI\u00d3N MUNICIPAL DE MONTE PATRIA MENCION\u00d3 QUE, \u201cLA VERDAD QUE ESTE ES UN CAMPEONATO QUE EN MONTE PATRIA SE HA VUELTO UNA TRADICI\u00d3N Y ESPERAMOS QUE \u00c9STE SE MANTENGA Y SIGA CRECIENDO\u201d.<\/p>\n<p style=\"text-align: justify;\">64 PAREJAS DE CUECA INTEGRADAS POR ESTUDIANTES MOSTRARON TODA SU T\u00c9CNICA Y TALENTO, PARA LOGRAR SER LOS REPRESENTANTES A NIVEL REGIONAL, MES DE OCTUBRE, EN LA LOCALIDAD DE PAIHUANO, PROVINCIA DE ELQUI.<\/p>\n<p style=\"text-align: justify;\">RAUL AHUMADA ROJAS, DIRECTOR DE LA COMUNIDAD EDUCATIVA ANFITRIONA ENFATIZ\u00d3 EN EL COMPROMISO QUE TUVO EL EQUIPO PROFESIONAL Y LAS FAMILIAS EN S\u00cd DEL ESTABLECIMIENTO EDUCACIONAL QUE DIRIGE, YA QUE PUDIERON SACAR ESTA ACTIVIDAD CON MUCHO \u00c9XITO.<\/p>\n<p style=\"text-align: justify;\">LA COMPETENCIA SE REALIZ\u00d3 BAJO LA ATENTA MIRADA DE LOS JUECES, INTEGRADO POR ANDREA HENOTT, JUAN D\u00cdAZ, NELSON LOPEZ, JACINTO TORRES Y ALFREDO ARREDONDO, PROFESORES Y ESPACIALISTAS EN EL MUNDO CUEQUERO, QUIENES TUVIERON LA DIF\u00cdCIL DECISI\u00d3N DE ELEGIR A LAS PAREJAS ENTRE LAS CATEGOR\u00cdAS LAS CATEGORIAS EN COMPETENCIA FUERON; B\u00c1SICA COSTUMBRISTA, B\u00c1SICA TRADICIONAL Y EDUCACI\u00d3N MEDIA.<\/p>\n<p style=\"text-align: justify;\">LAS PAREJAS GANADORAS FUERON:<\/p>\n<ul style=\"text-align: justify;\">\n<li>B\u00c1SICA COSTUMBRISTA; ESCUELA LOS MORALES, REPRESENTADA POR LOS ESTUDIANTES, MARION ROJAS V\u00c9LIZ Y MICHAEL PALACIOS CASTILLO.<\/li>\n<li>B\u00c1SICA TRADICIONAL; ESCUELA SANTA BERNARDITA DE PEDREGAL, REPRESENTADA POR LOS ESTUDIANTES, BERNARDITA VALDIVIA CANIBILO Y JULI\u00c1N ARGANDO\u00d1A.<\/li>\n<li>ENSE\u00d1ANZA MEDIA; COLEGIO LOS CONQUISTADORES, REPRESENTADA POR LOS ESTUDIANTES, EMILIA ZAMBRA CARVAJAL Y NICOL\u00c1S TORRES TAPIA.<\/li>\n<\/ul>\n<p style=\"text-align: justify;\">LA ESTUDIANTE BERNARDIA VALDIVIA CANIBILO, QUIEN INTEGR\u00d3 UNA DE LAS PAREJAS GANADORAS EN LA CATEGOR\u00cdA B\u00c1SICA TRADICIONAL DIJO, \u201cSIENTO MUCHA EMOCIPON, PORQUE NUNCA HAB\u00cdA PARTICIPADO ASPI. ESTOY MUY CONTENTA\u201d.<\/p>\n","protected":false},"excerpt":{"rendered":"<p>EN EL MARCO DE LAS ACTIVIDADES PROGRAMADAS PARA CELEBRAR EL ANIVERSARIO DE LA COMUNA DE MONTE PATRIA Y ADEM\u00c1S, FIESTAS PATRIAS, ES QUE SE REALIZ\u00d3 EL TRADICIONAL CONCURSO COMUNAL DE CUECA ESCOLAR, PEDREGAL 2022, EN SU VERSI\u00d3N 42\u00b0,\u00a0 EL QUE CONT\u00d3 CON UNA GRAN PARTICIPACI\u00d3N DE AUTORIDADES, ESTUDIANTES Y APODERADOS\u00a0DE<\/p>\n","protected":false},"author":1,"featured_media":1727,"comment_status":"closed","ping_status":"open","sticky":false,"template":"","format":"standard","meta":{"footnotes":""},"categories":[21],"tags":[],"class_list":["post-1726","post","type-post","status-publish","format-standard","has-post-thumbnail","hentry","category-municipalidades"],"_links":{"self":[{"href":"https:\/\/minutaregional.cl\/index.php?rest_route=\/wp\/v2\/posts\/1726","targetHints":{"allow":["GET"]}}],"collection":[{"href":"https:\/\/minutaregional.cl\/index.php?rest_route=\/wp\/v2\/posts"}],"about":[{"href":"https:\/\/minutaregional.cl\/index.php?rest_route=\/wp\/v2\/types\/post"}],"author":[{"embeddable":true,"href":"https:\/\/minutaregional.cl\/index.php?rest_route=\/wp\/v2\/users\/1"}],"replies":[{"embeddable":true,"href":"https:\/\/minutaregional.cl\/index.php?rest_route=%2Fwp%2Fv2%2Fcomments&post=1726"}],"version-history":[{"count":1,"href":"https:\/\/minutaregional.cl\/index.php?rest_route=\/wp\/v2\/posts\/1726\/revisions"}],"predecessor-version":[{"id":1728,"href":"https:\/\/minutaregional.cl\/index.php?rest_route=\/wp\/v2\/posts\/1726\/revisions\/1728"}],"wp:featuredmedia":[{"embeddable":true,"href":"https:\/\/minutaregional.cl\/index.php?rest_route=\/wp\/v2\/media\/1727"}],"wp:attachment":[{"href":"https:\/\/minutaregional.cl\/index.php?rest_route=%2Fwp%2Fv2%2Fmedia&parent=1726"}],"wp:term":[{"taxonomy":"category","embeddable":true,"href":"https:\/\/minutaregional.cl\/index.php?rest_route=%2Fwp%2Fv2%2Fcategories&post=1726"},{"taxonomy":"post_tag","embeddable":true,"href":"https:\/\/minutaregional.cl\/index.php?rest_route=%2Fwp%2Fv2%2Ftags&post=1726"}],"curies":[{"name":"wp","href":"https:\/\/api.w.org\/{rel}","templated":true}]}}