{"id":1717,"date":"2022-09-09T21:20:01","date_gmt":"2022-09-09T21:20:01","guid":{"rendered":"https:\/\/minutaregional.cl\/?p=1717"},"modified":"2022-09-09T21:20:01","modified_gmt":"2022-09-09T21:20:01","slug":"concurso-de-dibujo-promueve-la-proteccion-de-humedales-y-aves-en-la-comunidad-educativa","status":"publish","type":"post","link":"https:\/\/minutaregional.cl\/?p=1717","title":{"rendered":"Concurso de Dibujo Promueve la Protecci\u00f3n de Humedales y Aves en la Comunidad Educativa"},"content":{"rendered":"<ul>\n<li style=\"text-align: justify;\"><strong><em>La iniciativa art\u00edstica tuvo como objetivo que ni\u00f1os, ni\u00f1as y adultos se acerquen y conozcan los humedales, valorando a la vez la importancia de cuidar la flora y fauna que habita en estos ecosistemas.<\/em><\/strong><\/li>\n<\/ul>\n<p style=\"text-align: justify;\"><strong>\u00a0<\/strong>A orillas de la desembocadura del r\u00edo Elqui, se realiz\u00f3 la premiaci\u00f3n del concurso de dibujo que invit\u00f3 a ni\u00f1os, ni\u00f1as, j\u00f3venes y adultos, a dibujar las aves que habitan y migran en la red de humedales costeros, ubicados desde la comuna de La Higuera hasta Los Vilos.<\/p>\n<p style=\"text-align: justify;\">Fue la segunda versi\u00f3n de este certamen organizado por el Proyecto GEF Humedales Costeros, en conjunto con la SEREMI del Medio Ambiente de la Regi\u00f3n de Coquimbo, reuni\u00f3 a los ganadores, a sus familiares y profesores en el humedal urbano, donde se est\u00e1n desarrollando diversas medidas para mejorar el estado ecol\u00f3gico del ecosistema, que nace en el valle del Elqui y desemboca en el oc\u00e9ano pac\u00edfico.<\/p>\n<p style=\"text-align: justify;\">Diego Rojas, estudiante de segundo a\u00f1o medio de la Escuela Familiar Agr\u00edcola y ganador de una menci\u00f3n honrosa en la categor\u00eda de Adolescentes y Adultos, declar\u00f3 que <strong>\u201csiempre me ha gustado pintar, dibujar y los humedales me llamaron la atenci\u00f3n. Proteger la biodiversidad, aportar siempre con la madre naturaleza, cuidar a los animales. Todos pueden participar aportando con el arte, que siempre lleva a una mejor vida\u201d<\/strong>.<\/p>\n<p style=\"text-align: justify;\"><strong>Protecci\u00f3n de humedales en la regi\u00f3n._<\/strong><\/p>\n<p style=\"text-align: justify;\">Este concurso ha permitido relevar la iniciativa del Ministerio del Medio Ambiente que, hace un mes, oficializ\u00f3 el primer Humedal Urbano de la regi\u00f3n, \u201cR\u00edo Elqui, Altovalsol a Desembocadura\u201d que tiene una superficie aproximada de 492,8 hect\u00e1reas. El cuerpo de agua recibi\u00f3 esta calidad en el marco de la Ley de Humedales N\u00b021.202 gracias al apoyo de diversas instituciones y organizaciones p\u00fablico-privadas, habitantes del sector y Organizaciones No Gubernamentales.<\/p>\n<p style=\"text-align: justify;\">Este valioso ecosistema es un cuerpo de agua de alto endemismo, riqueza y diversidad de 161 especies de fauna vertebrada, de las cuales 139 corresponden a aves residentes y migratorias.\u00a0 Adem\u00e1s de especies en categor\u00eda de conservaci\u00f3n como el pidencito (Laterallus jamaicensis), clasificada como \u201cCasi Amenazada\u201d para la Regi\u00f3n de Coquimbo, y el Chorlo nevado (Charadrius nivosus), clasificado \u201cVulnerable\u201d.<\/p>\n<p style=\"text-align: justify;\"><strong>Gobierno ecol\u00f3gico y participaci\u00f3n._<\/strong><\/p>\n<p style=\"text-align: justify;\">El Delegado Presidencial Regional, Rub\u00e9n Quezada se\u00f1al\u00f3 que <strong>\u201ceste es un gobierno ecol\u00f3gico que quiere avanzar en desarrollarnos, pero siempre respetando y conviviendo con el medio ambiente. Estas iniciativas son muy buenas, porque sensibilizan a ni\u00f1os, ni\u00f1as y tambi\u00e9n a la poblaci\u00f3n adulta sobre resguardar lugares tan bellos como este, que est\u00e1n a un paso de nuestra ciudad y que podr\u00edamos disfrutar todos y todas, manteniendo su cuidado\u201d<\/strong>.<\/p>\n<p style=\"text-align: justify;\">El Seremi del Medio Ambiente, Leonardo Gros, destac\u00f3 que <strong>\u201cestamos sorprendidos por la cantidad de trabajos que han llegado, el a\u00f1o pasado se hizo un concurso similar, pero esta vez hemos cuadriplicado la cantidad de trabajos recibidos\u201d<\/strong>.<\/p>\n<p style=\"text-align: justify;\">Por su parte, el presidente de la Comisi\u00f3n de Medio Ambiente, Miner\u00eda y Energ\u00eda del Consejo Regional de Coquimbo, Pedro Valencia, reconoci\u00f3 la importancia de fomentar estas actividades educativas. Al respecto, explic\u00f3 que <strong>\u201cla mayor\u00eda de los dibujos eran del Pilpil\u00e9n com\u00fan, el ave insignia de la comuna de La Serena y que est\u00e1 en riesgo, porque pone sus huevos en las dunas y en la arena. Lamentablemente, las personas no tienen conciencia, ingresan en veh\u00edculos por la playa y dunas, quebrando los huevos y matan las cr\u00edas\u201d. El consejero regional valor\u00f3 que \u201cestas iniciativas sirven para que la comunidad, especialmente los ni\u00f1os, ni\u00f1as y j\u00f3venes tomen conciencia del cuidado de este humedal urbano recientemente declarado\u201d<\/strong>.<\/p>\n<p style=\"text-align: justify;\">En los 131 trabajos recibidos, se reflejaron las interacciones entre el Pilpil\u00e9n Com\u00fan (Haematopus palliatus) y los seres vivos que habitan en los humedales en forma arm\u00f3nica y respetuosa. Javiera Espinoza, estudiante del s\u00e9ptimo B del colegio Cerro Grande, quien obtuvo una menci\u00f3n honrosa en la categor\u00eda de Ni\u00f1as y Ni\u00f1os, acot\u00f3 que el concurso fue <strong>\u201cdivertido para que la gente cuide harto y no contamine los humedales. Me gusta dibujar, me gusta la naturaleza, hay que cuidar el medio ambiente.\u201d<\/strong><\/p>\n<p style=\"text-align: justify;\">El encuentro culmin\u00f3 con un espacio educativo a cargo de Francisco Guzm\u00e1n de la ONG Red Aves, quien organiz\u00f3 una actividad participativa sobre c\u00f3mo las diferentes especies se adaptan para habitar en los humedales, invitando a reflexionar sobre la relaci\u00f3n que existe hoy entre el ser humano y la naturaleza.<\/p>\n<p style=\"text-align: justify;\">Finalmente, la autoridad ambiental regional anunci\u00f3 que continuar\u00e1 generando este tipo de actividades, vinculando las diversas \u00e1reas de trabajo de la SEREMI del Medio Ambiente. <strong>\u201cVienen nuevas sorpresas tambi\u00e9n, porque el arte y el medio ambiente tienen que trabajar en conjunto. La invitaci\u00f3n es a seguir participando y a cuidar nuestro medio ambiente\u201d<\/strong>, se\u00f1al\u00f3.<\/p>\n","protected":false},"excerpt":{"rendered":"<p>La iniciativa art\u00edstica tuvo como objetivo que ni\u00f1os, ni\u00f1as y adultos se acerquen y conozcan los humedales, valorando a la vez la importancia de cuidar la flora y fauna que habita en estos ecosistemas. \u00a0A orillas de la desembocadura del r\u00edo Elqui, se realiz\u00f3 la premiaci\u00f3n del concurso de dibujo<\/p>\n","protected":false},"author":1,"featured_media":1718,"comment_status":"closed","ping_status":"open","sticky":false,"template":"","format":"standard","meta":{"footnotes":""},"categories":[36],"tags":[],"class_list":["post-1717","post","type-post","status-publish","format-standard","has-post-thumbnail","hentry","category-dppcoquimbo"],"_links":{"self":[{"href":"https:\/\/minutaregional.cl\/index.php?rest_route=\/wp\/v2\/posts\/1717","targetHints":{"allow":["GET"]}}],"collection":[{"href":"https:\/\/minutaregional.cl\/index.php?rest_route=\/wp\/v2\/posts"}],"about":[{"href":"https:\/\/minutaregional.cl\/index.php?rest_route=\/wp\/v2\/types\/post"}],"author":[{"embeddable":true,"href":"https:\/\/minutaregional.cl\/index.php?rest_route=\/wp\/v2\/users\/1"}],"replies":[{"embeddable":true,"href":"https:\/\/minutaregional.cl\/index.php?rest_route=%2Fwp%2Fv2%2Fcomments&post=1717"}],"version-history":[{"count":1,"href":"https:\/\/minutaregional.cl\/index.php?rest_route=\/wp\/v2\/posts\/1717\/revisions"}],"predecessor-version":[{"id":1719,"href":"https:\/\/minutaregional.cl\/index.php?rest_route=\/wp\/v2\/posts\/1717\/revisions\/1719"}],"wp:featuredmedia":[{"embeddable":true,"href":"https:\/\/minutaregional.cl\/index.php?rest_route=\/wp\/v2\/media\/1718"}],"wp:attachment":[{"href":"https:\/\/minutaregional.cl\/index.php?rest_route=%2Fwp%2Fv2%2Fmedia&parent=1717"}],"wp:term":[{"taxonomy":"category","embeddable":true,"href":"https:\/\/minutaregional.cl\/index.php?rest_route=%2Fwp%2Fv2%2Fcategories&post=1717"},{"taxonomy":"post_tag","embeddable":true,"href":"https:\/\/minutaregional.cl\/index.php?rest_route=%2Fwp%2Fv2%2Ftags&post=1717"}],"curies":[{"name":"wp","href":"https:\/\/api.w.org\/{rel}","templated":true}]}}