{"id":1714,"date":"2022-09-09T00:09:25","date_gmt":"2022-09-09T00:09:25","guid":{"rendered":"https:\/\/minutaregional.cl\/?p=1714"},"modified":"2022-09-09T00:09:25","modified_gmt":"2022-09-09T00:09:25","slug":"pdi-detiene-a-peligrosa-banda-de-los-vilos-con-armas-de-fuego-municiones-drogas-y-vehiculos","status":"publish","type":"post","link":"https:\/\/minutaregional.cl\/?p=1714","title":{"rendered":"PDI DETIENE A PELIGROSA BANDA DE LOS VILOS CON ARMAS DE FUEGO, MUNICIONES, DROGAS Y VEH\u00cdCULOS"},"content":{"rendered":"<p style=\"text-align: justify;\">Operaci\u00f3n Los Vatos Locos, en conjunto con la Fiscal\u00eda de Focos La Serena, detuvo a 5 hombres y una mujer, imputados por diversos delitos, gracias a la comunidad que denunci\u00f3 al 600 400 01 01.<\/p>\n<p style=\"text-align: justify;\">La denuncia de la comunidad del Valle de Quilimar\u00ed y sus alrededores, encendieron la alerta sobre la presencia de una banda con alto poder de fuego en la zona, que estar\u00eda vinculada al tr\u00e1fico de drogas. La denuncia ingres\u00f3 a trav\u00e9s del Ministerio P\u00fablico que dispuso la investigaci\u00f3n del caso a la Fiscal\u00eda de Focos junto a la Brigada Antinarc\u00f3ticos y Contra el Crimen Organizado Los Vilos.<\/p>\n<p style=\"text-align: justify;\">Despu\u00e9s de 3 meses de una labor de an\u00e1lisis criminal e inteligencia policial en la localidad de la provincia de Choapa, los detectives lograron individualizar a 5 hombres y una mujer, que estar\u00edan detr\u00e1s de una serie de delitos violentos que provocaban inseguridad entre los vecinos del sector.<\/p>\n<p style=\"text-align: justify;\">Con las evidencias de la investigaci\u00f3n la PDI desarrolla la Operaci\u00f3n Los Vatos Locos, tal como sus integrantes se hac\u00edan llamar en la zona a trav\u00e9s de sus redes sociales, donde expon\u00edan las armas y municiones que usaban para cometer los il\u00edcitos. As\u00ed se da curso a la orden judicial de entrada y registro en diversos domicilios, incautando drogas, armas de fuego, municiones y diversos veh\u00edculos, adem\u00e1s detienen a 5 hombres y una mujer, todos mayores de edad, chilenos y con antecedentes.<\/p>\n<p style=\"text-align: justify;\"><strong>\u201cSe procedi\u00f3 a la individualizaci\u00f3n y neutralizaci\u00f3n de los integrantes de esta banda organizada que, mediante el uso de armas, sembraba el temor en la poblaci\u00f3n, por lo que este es un acierto del trabajo en conjunto con la Fiscal\u00eda de Focos y la comunidad que nos permitieron desarrollar una investigaci\u00f3n efectiva. Aqu\u00ed tenemos una incautaci\u00f3n importante de droga, cerca de 7 kilos de sumidades floridas de cannabis, ketamina y MDMA (\u00e9xtasis). Tambi\u00e9n recuperamos 3 armas de fuego, cargadores y municiones de distinto calibre, chalecos antibalas, adem\u00e1s de 4 motocicletas y 4 autom\u00f3viles avaluados en 200 millones de pesos\u201d<\/strong>, inform\u00f3 el Prefecto Eduardo Flores, jefe de la Prefectura de la Brigada Antinarc\u00f3ticos y Contra el Crimen Organizado Centro.<\/p>\n<p style=\"text-align: justify;\"><strong>\u201cEste grupo organizado ten\u00eda una gran cantidad de armas de fuego y otras especies que usaban para defenderse de bandas rivales que se dedican al tr\u00e1fico de drogas. Con esta investigaci\u00f3n, el Tribunal de Garant\u00eda autoriz\u00f3 las \u00f3rdenes de detenci\u00f3n en los domicilios de los imputados y formalizamos a 5 imputados, como autores de los delitos de tr\u00e1fico de drogas, tenencia de armas de fuego y municiones, receptaci\u00f3n y lavado de activos. Atendida la gravedad de estos hechos la fiscal\u00eda solicit\u00f3 la prisi\u00f3n preventiva, medida que fue concedida y autorizando 100 d\u00edas para la investigaci\u00f3n\u201d<\/strong>, se\u00f1al\u00f3 Jaime Rojas, Fiscal de Focos La Serena.<\/p>\n<p style=\"text-align: justify;\">El llamado oportuno de la comunidad al fono Denuncia Seguro 600 400 01 01 del Ministerio del Interior y Seguridad P\u00fablica fue valioso para el \u00e9xito de esta investigaci\u00f3n. <strong>\u201cEste problema presenta un avance importante en la provincia, por lo tanto, queremos hacer el llamado a que denuncien. Es muy f\u00e1cil, es confidencial y nos permite tener estos procedimientos policiales, con resultados que no s\u00f3lo sirven para sacar de circulaci\u00f3n las drogas sino tambi\u00e9n las armas y el peligro que representan\u201d<\/strong>, se\u00f1al\u00f3 Macarena Navea, representante de la Delegaci\u00f3n Presidencial Provincial.<\/p>\n<p style=\"text-align: justify;\">El jefe de la Prefectura Provincial de Choapa de la PDI, Prefecto Cristi\u00e1n Alarc\u00f3n, valor\u00f3 el trabajo en conjunto y la confianza de la comunidad que denunci\u00f3 a esta banda organizada que termin\u00f3 desarticulada. <strong>\u201cExisten los mecanismos para poder denunciar en reserva estos hechos, y en el fono 134 emergencias de la PDI. De esta manera tambi\u00e9n estamos respondiendo a los compromisos que hemos sostenido con la ciudadan\u00eda, a trav\u00e9s de los consejos comunales de Seguridad\u201d,<\/strong> expres\u00f3 el prefecto del Choapa.<\/p>\n","protected":false},"excerpt":{"rendered":"<p>Operaci\u00f3n Los Vatos Locos, en conjunto con la Fiscal\u00eda de Focos La Serena, detuvo a 5 hombres y una mujer, imputados por diversos delitos, gracias a la comunidad que denunci\u00f3 al 600 400 01 01. La denuncia de la comunidad del Valle de Quilimar\u00ed y sus alrededores, encendieron la alerta<\/p>\n","protected":false},"author":1,"featured_media":1715,"comment_status":"closed","ping_status":"open","sticky":false,"template":"","format":"standard","meta":{"footnotes":""},"categories":[14],"tags":[],"class_list":["post-1714","post","type-post","status-publish","format-standard","has-post-thumbnail","hentry","category-pdi"],"_links":{"self":[{"href":"https:\/\/minutaregional.cl\/index.php?rest_route=\/wp\/v2\/posts\/1714","targetHints":{"allow":["GET"]}}],"collection":[{"href":"https:\/\/minutaregional.cl\/index.php?rest_route=\/wp\/v2\/posts"}],"about":[{"href":"https:\/\/minutaregional.cl\/index.php?rest_route=\/wp\/v2\/types\/post"}],"author":[{"embeddable":true,"href":"https:\/\/minutaregional.cl\/index.php?rest_route=\/wp\/v2\/users\/1"}],"replies":[{"embeddable":true,"href":"https:\/\/minutaregional.cl\/index.php?rest_route=%2Fwp%2Fv2%2Fcomments&post=1714"}],"version-history":[{"count":1,"href":"https:\/\/minutaregional.cl\/index.php?rest_route=\/wp\/v2\/posts\/1714\/revisions"}],"predecessor-version":[{"id":1716,"href":"https:\/\/minutaregional.cl\/index.php?rest_route=\/wp\/v2\/posts\/1714\/revisions\/1716"}],"wp:featuredmedia":[{"embeddable":true,"href":"https:\/\/minutaregional.cl\/index.php?rest_route=\/wp\/v2\/media\/1715"}],"wp:attachment":[{"href":"https:\/\/minutaregional.cl\/index.php?rest_route=%2Fwp%2Fv2%2Fmedia&parent=1714"}],"wp:term":[{"taxonomy":"category","embeddable":true,"href":"https:\/\/minutaregional.cl\/index.php?rest_route=%2Fwp%2Fv2%2Fcategories&post=1714"},{"taxonomy":"post_tag","embeddable":true,"href":"https:\/\/minutaregional.cl\/index.php?rest_route=%2Fwp%2Fv2%2Ftags&post=1714"}],"curies":[{"name":"wp","href":"https:\/\/api.w.org\/{rel}","templated":true}]}}