{"id":1711,"date":"2022-09-08T23:53:02","date_gmt":"2022-09-08T23:53:02","guid":{"rendered":"https:\/\/minutaregional.cl\/?p=1711"},"modified":"2022-09-08T23:56:11","modified_gmt":"2022-09-08T23:56:11","slug":"conversatorio-hablemos-de-folclore-y-de-nuestra-danza-nacional-la-cueca","status":"publish","type":"post","link":"https:\/\/minutaregional.cl\/?p=1711","title":{"rendered":"CONVERSATORIO \u201cHABLEMOS DE FOLCLORE Y DE NUESTRA DANZA NACIONAL: LA CUECA\u201d"},"content":{"rendered":"<p>El subterr\u00e1neo de la Casa de la Cultura fue el punto de encuentro en el mes de agosto para celebrar el D\u00eda del Folclore junto a diversos exponentes de la comuna.<\/p>\n<p>Con una grata conversaci\u00f3n, cuecas, baile y degustaciones se llev\u00f3 a cabo la tertulia denominada \u201cHablemos de Folclore y de Nuestra Danza Nacional: La Cueca\u201d que evidenci\u00f3 la importancia y de las m\u00faltiples influencias a lo largo de nuestra historia.<\/p>\n<p>Para la actual administraci\u00f3n, la apertura de espacios es fundamental en el desarrollo de nuestra cultura local, de igual manera, el trabajo colaborativo con nuestros gestores culturales locales y artistas.<\/p>\n<p>Lo (a) dejamos invitado (a) revisar la jornada realizada en el mes de agosto, donde nuestros expositores Omar Ojeda y Claudio Olivares nos hablaron acerca de la cueca, sus m\u00faltiples estilos a lo largo del territorio nacional. Un excelente e importante material did\u00e1ctico que nos habla de nuestras m\u00e1s importantes tradiciones y de la cueca.<\/p>\n<p><strong>Visite, comparta y suscr\u00edbase al canal de noticias de YouTube y nuestro sitio web<\/strong><\/p>\n<p><strong>\u00a0<\/strong><a href=\"https:\/\/www.youtube.com\/channel\/UCKqVGapJI4lbTFpKPdsEiOg\"><strong>https:\/\/www.youtube.com\/channel\/UCKqVGapJI4lbTFpKPdsEiOg<\/strong><\/a><\/p>\n<p><strong>\u00a0<\/strong><a href=\"http:\/\/www.daemillapel.cl\"><strong>www.daemillapel.cl<\/strong><\/a><\/p>\n<p><strong>\u00a0<\/strong><\/p>\n","protected":false},"excerpt":{"rendered":"<p>El subterr\u00e1neo de la Casa de la Cultura fue el punto de encuentro en el mes de agosto para celebrar el D\u00eda del Folclore junto a diversos exponentes de la comuna. Con una grata conversaci\u00f3n, cuecas, baile y degustaciones se llev\u00f3 a cabo la tertulia denominada \u201cHablemos de Folclore y<\/p>\n","protected":false},"author":1,"featured_media":1713,"comment_status":"closed","ping_status":"open","sticky":false,"template":"","format":"standard","meta":{"footnotes":""},"categories":[22],"tags":[],"class_list":["post-1711","post","type-post","status-publish","format-standard","has-post-thumbnail","hentry","category-muni-illapel"],"_links":{"self":[{"href":"https:\/\/minutaregional.cl\/index.php?rest_route=\/wp\/v2\/posts\/1711","targetHints":{"allow":["GET"]}}],"collection":[{"href":"https:\/\/minutaregional.cl\/index.php?rest_route=\/wp\/v2\/posts"}],"about":[{"href":"https:\/\/minutaregional.cl\/index.php?rest_route=\/wp\/v2\/types\/post"}],"author":[{"embeddable":true,"href":"https:\/\/minutaregional.cl\/index.php?rest_route=\/wp\/v2\/users\/1"}],"replies":[{"embeddable":true,"href":"https:\/\/minutaregional.cl\/index.php?rest_route=%2Fwp%2Fv2%2Fcomments&post=1711"}],"version-history":[{"count":1,"href":"https:\/\/minutaregional.cl\/index.php?rest_route=\/wp\/v2\/posts\/1711\/revisions"}],"predecessor-version":[{"id":1712,"href":"https:\/\/minutaregional.cl\/index.php?rest_route=\/wp\/v2\/posts\/1711\/revisions\/1712"}],"wp:featuredmedia":[{"embeddable":true,"href":"https:\/\/minutaregional.cl\/index.php?rest_route=\/wp\/v2\/media\/1713"}],"wp:attachment":[{"href":"https:\/\/minutaregional.cl\/index.php?rest_route=%2Fwp%2Fv2%2Fmedia&parent=1711"}],"wp:term":[{"taxonomy":"category","embeddable":true,"href":"https:\/\/minutaregional.cl\/index.php?rest_route=%2Fwp%2Fv2%2Fcategories&post=1711"},{"taxonomy":"post_tag","embeddable":true,"href":"https:\/\/minutaregional.cl\/index.php?rest_route=%2Fwp%2Fv2%2Ftags&post=1711"}],"curies":[{"name":"wp","href":"https:\/\/api.w.org\/{rel}","templated":true}]}}