{"id":1705,"date":"2022-09-08T23:34:00","date_gmt":"2022-09-08T23:34:00","guid":{"rendered":"https:\/\/minutaregional.cl\/?p=1705"},"modified":"2022-09-08T23:37:47","modified_gmt":"2022-09-08T23:37:47","slug":"monte-patria-y-pdi-ovalle-lideraron-exitoso-seminario-provincial-sobre-proteccion-de-la-ninez-y-la-adolescencia","status":"publish","type":"post","link":"https:\/\/minutaregional.cl\/?p=1705","title":{"rendered":"MONTE PATRIA Y PDI OVALLE LIDERARON EXITOSO SEMINARIO PROVINCIAL SOBRE PROTECCI\u00d3N DE LA NI\u00d1EZ Y LA ADOLESCENCIA"},"content":{"rendered":"<audio class=\"wp-audio-shortcode\" id=\"audio-1705-1\" preload=\"none\" style=\"width: 100%;\" controls=\"controls\"><source type=\"audio\/mpeg\" src=\"https:\/\/minutaregional.cl\/wp-content\/uploads\/2022\/09\/alcalde-monte-patria-.mp3?_=1\" \/><a href=\"https:\/\/minutaregional.cl\/wp-content\/uploads\/2022\/09\/alcalde-monte-patria-.mp3\">https:\/\/minutaregional.cl\/wp-content\/uploads\/2022\/09\/alcalde-monte-patria-.mp3<\/a><\/audio>\n<p>AUDIO : Alcalde de Monte Patria\u00a0 <em>Cristian Herrera Pe\u00f1a<\/em>.<\/p>\n<ul>\n<li style=\"text-align: justify;\"><strong><em>El Departamento de Educaci\u00f3n Municipal de Monte Patria re\u00fane a equipos de Convivencia Escolar de la Provincia para fortalecer conocimientos y herramientas que vayan en PRO de la Infancia y Adolescencia. <\/em><\/strong><\/li>\n<\/ul>\n<p style=\"text-align: justify;\">Con el prop\u00f3sito de adquirir nuevos conocimientos, sensibilizar y fortalecer herramientas que nos permitan trabajar y apoyar de manera m\u00e1s eficaz y certera los diversos temas, protocolos y procesos que est\u00e1n vinculados a Ni\u00f1ez y Adolescencia, es que el Departamento de Educaci\u00f3n Municipal de Monte Patria en un trabajo colaborativo con PDI Ovalle, concretaron importante encuentro provincial.<\/p>\n<p style=\"text-align: justify;\">Cristian Herrera Pe\u00f1a, Alcalde de Monte Patria destac\u00f3 lo siguiente tras este Primer Seminario Educativo Provincial; \u201cmanifestar la alegr\u00eda que este tipo de instancias, seminarios se descentralicen. Hoy d\u00eda estamos nosotros siendo el centro de este seminario que entrega herramientas a los equipos de convivencia, no s\u00f3lo de nuestra comuna, sino de Ovalle, Combarbal\u00e1, y creo que es importante de resaltar la labor que se est\u00e1 haciendo desde nuestra mesa de seguridad p\u00fablica, desde nuestro Departamento de Educaci\u00f3n municipal que es de donde surge esta iniciativa\u201d.<\/p>\n<p style=\"text-align: justify;\">El magno evento se llev\u00f3 a cabo el d\u00eda martes 6 de septiembre y, se realiz\u00f3 durante todo el d\u00eda en el Sal\u00f3n de Artes Esc\u00e9nicas del Centro Cultural de Monte Patria, donde se cont\u00f3 con la participaci\u00f3n de equipos de convivencia escolar y otros actores relevantes del Sistema Educativo de las comunas de: Monte Patria, Ovalle, Punitaqui y Combarbal\u00e1; adem\u00e1s estuvieron presentes el Delegado Presidencial Provincia del Limar\u00ed, Galo Luna Penna; Alcalde de Monte Patria, Cristian Herrera Pe\u00f1a; Subprefecto Daniel Leal Parada, PDI Ovalle, Jefa del Depto. de Educaci\u00f3n Provincial, Susana Torres; entre otros invitados especiales.<\/p>\n<p style=\"text-align: justify;\">Ximena Rojas, profesional del \u00c1rea T\u00e9cnico Pedag\u00f3gico del Departamento de Educaci\u00f3n de la comuna de Ovalle, se refiri\u00f3 a la jornada como una instancia provechosa, con una gran convocatoria y, en donde los expositores pudieron definir varios conceptos en relaci\u00f3n a violencia escolar.<\/p>\n<p style=\"text-align: justify;\">Las ponencias fueron lideradas por el equipo profesional y funcionarios del <em>Depto. de Apoyo y Acci\u00f3n Comunitaria de la Jefatura Nacional de Delitos Contra las Personas PDI Santiago<\/em>. A la que se sum\u00f3 exposici\u00f3n de la Secci\u00f3n de Migraci\u00f3n y Polic\u00eda Internacional PDI Ovalle. As\u00ed, los temas expuestos por los especialistas estuvieron relacionados con los t\u00f3picos de Violencia Escolar, Ley Penal Adolescente, Educaci\u00f3n en Delitos Sexuales y Migraci\u00f3n.<\/p>\n<p style=\"text-align: justify;\">PDI Ovalle, trabaj\u00f3 se encuentra trabajando en conjunto con el Municipio MontePatria para poder buscar y generar las mejores estrategias y\/o acciones que colaboren en que los ni\u00f1os, ni\u00f1as y adolescentes del territorio tengan los apoyos y orientaciones necesarios ante alg\u00fan tipo de vulneraci\u00f3n con sus derechos e integridad. As\u00ed, el Subprefecto Daniel Leal Parada, Jefe de la Brigada de Investigaci\u00f3n Criminal de Ovalle, mencion\u00f3 que \u201c Luego de la preocupaci\u00f3n que existe tanto de las autoridades como de la comunidad escolar de la Provincia, esta Polic\u00eda de Investigaciones ha querido ocuparse respecto de este tema, de nuestros ni\u00f1os, ni\u00f1as y adolescentes en materia de educaci\u00f3n, en relaci\u00f3n a estas tem\u00e1ticas que son tan relevantes y que han estado en constante noticia respecto de los hechos de violencia que se han suscitado en el \u00faltimo tiempo\u201d.<\/p>\n<p style=\"text-align: justify;\">En el encuentro se dio realc\u00e9 a la importancia de los equipos de convivencia escolar, porque se requiere trabajar de manera articulada;\u00a0 entre la autoridad, el intersector y las comunidades escolares, para trabajar de manera exitosa en PRO de la Ni\u00f1ez y Adolescencia.<\/p>\n<p>&nbsp;<\/p>\n<p>&nbsp;<\/p>\n<p>&nbsp;<\/p>\n","protected":false},"excerpt":{"rendered":"<p>AUDIO : Alcalde de Monte Patria\u00a0 Cristian Herrera Pe\u00f1a. El Departamento de Educaci\u00f3n Municipal de Monte Patria re\u00fane a equipos de Convivencia Escolar de la Provincia para fortalecer conocimientos y herramientas que vayan en PRO de la Infancia y Adolescencia. Con el prop\u00f3sito de adquirir nuevos conocimientos, sensibilizar y fortalecer<\/p>\n","protected":false},"author":1,"featured_media":1706,"comment_status":"closed","ping_status":"open","sticky":false,"template":"","format":"standard","meta":{"footnotes":""},"categories":[21],"tags":[],"class_list":["post-1705","post","type-post","status-publish","format-standard","has-post-thumbnail","hentry","category-municipalidades"],"_links":{"self":[{"href":"https:\/\/minutaregional.cl\/index.php?rest_route=\/wp\/v2\/posts\/1705","targetHints":{"allow":["GET"]}}],"collection":[{"href":"https:\/\/minutaregional.cl\/index.php?rest_route=\/wp\/v2\/posts"}],"about":[{"href":"https:\/\/minutaregional.cl\/index.php?rest_route=\/wp\/v2\/types\/post"}],"author":[{"embeddable":true,"href":"https:\/\/minutaregional.cl\/index.php?rest_route=\/wp\/v2\/users\/1"}],"replies":[{"embeddable":true,"href":"https:\/\/minutaregional.cl\/index.php?rest_route=%2Fwp%2Fv2%2Fcomments&post=1705"}],"version-history":[{"count":3,"href":"https:\/\/minutaregional.cl\/index.php?rest_route=\/wp\/v2\/posts\/1705\/revisions"}],"predecessor-version":[{"id":1710,"href":"https:\/\/minutaregional.cl\/index.php?rest_route=\/wp\/v2\/posts\/1705\/revisions\/1710"}],"wp:featuredmedia":[{"embeddable":true,"href":"https:\/\/minutaregional.cl\/index.php?rest_route=\/wp\/v2\/media\/1706"}],"wp:attachment":[{"href":"https:\/\/minutaregional.cl\/index.php?rest_route=%2Fwp%2Fv2%2Fmedia&parent=1705"}],"wp:term":[{"taxonomy":"category","embeddable":true,"href":"https:\/\/minutaregional.cl\/index.php?rest_route=%2Fwp%2Fv2%2Fcategories&post=1705"},{"taxonomy":"post_tag","embeddable":true,"href":"https:\/\/minutaregional.cl\/index.php?rest_route=%2Fwp%2Fv2%2Ftags&post=1705"}],"curies":[{"name":"wp","href":"https:\/\/api.w.org\/{rel}","templated":true}]}}