{"id":1702,"date":"2022-09-08T22:32:27","date_gmt":"2022-09-08T22:32:27","guid":{"rendered":"https:\/\/minutaregional.cl\/?p=1702"},"modified":"2022-09-08T22:32:27","modified_gmt":"2022-09-08T22:32:27","slug":"ingreso-de-elementos-de-animacion-y-mayor-aforo-marcaran-duelo-de-deportes-la-serena-y-universidad-catolica","status":"publish","type":"post","link":"https:\/\/minutaregional.cl\/?p=1702","title":{"rendered":"Ingreso de elementos de animaci\u00f3n y mayor aforo marcar\u00e1n duelo de Deportes La Serena y Universidad Cat\u00f3lica"},"content":{"rendered":"<ul>\n<li style=\"text-align: justify;\"><strong><em>El duelo est\u00e1 programado para este s\u00e1bado a las 15 horas. El ingreso del p\u00fablico se realizar\u00e1 desde las 13 horas y por diversos puntos, seg\u00fan inform\u00f3 el Delegado Presidencial Rub\u00e9n Quezada, tras constatar las medidas de seguridad de La Portada.<\/em><\/strong><\/li>\n<\/ul>\n<p style=\"text-align: justify;\"><strong>\u00a0<\/strong>Seguridad, acceso, aforo y el c\u00e9sped. Todas las condiciones est\u00e1n dadas para el partido entre Club Deportes Las Serena y Universidad Cat\u00f3lica. As\u00ed lo corroboraron autoridades regionales luego de recorrer las instalaciones del Estadio La Portada.<\/p>\n<p style=\"text-align: justify;\">Encabezados por el Delegado Presidencial Regional, Rub\u00e9n Quezada, la comitiva, conformada por Carabineros, el club granate y el municipio, inform\u00f3 sobre las principales medidas adoptadas para garantizar el normal desarrollo de este duelo.<\/p>\n<p style=\"text-align: justify;\"><strong>\u201cContaremos con un aumento del aforo y el ingreso de elementos de animaci\u00f3n que van a favorecer el despliegue de los hinchas locales e implementaremos medidas de seguridad de resguardo, tanto dentro como fuera del recinto, con accesos diferenciados, para tener este s\u00e1bado una fiesta deportiva\u201d<\/strong>, explic\u00f3 el Delegado Presidencial.<\/p>\n<p style=\"text-align: justify;\">Partido que iniciar\u00e1 a las 15 horas de este s\u00e1bado y que marcar\u00e1 el retorno de implementos como los lienzos y los bombos, adem\u00e1s, tras las \u00faltimas reuniones de coordinaci\u00f3n, entre el Gobierno, con el Ministerio de Salud y la municipalidad, se acord\u00f3 aumentar a un 70% del aforo del estadio serenense, es decir unas 10 mil personas.<\/p>\n<p style=\"text-align: justify;\">En cuanto a los ingresos, el Delegado Quezada inform\u00f3 que las puertas se abrir\u00e1n desde las 13\u00a0 horas al p\u00fablico en general, ingresando los hinchas locales por calle Balmaceda con \u00c1nima de Diego y por Juan Antonio R\u00edos; mientras que la visita deber\u00e1 hacerlo por Balmaceda con pasaje Estadio, hacia galer\u00eda y tribuna.<\/p>\n<p style=\"text-align: justify;\">En esta l\u00ednea, el Jefe de Operaciones de la IV Zona de Carabineros, Coronel Ra\u00fal Mandiola, indic\u00f3 que <strong>\u201cdispondremos de un operativo policial que comprende los ingresos y periferia al estadio. Nuestro llamado es a que la gente venga porque tenemos adoptadas las medidas y considerando la proximidad hacia el hospital modular, se clausuraron algunos espacios con mallas que impedir\u00e1n que sean utilizadas por los asistentes\u201d<\/strong>.<\/p>\n<p style=\"text-align: justify;\">Desde el club, destacaron el aumento de capacidad y remarcaron que <strong>\u201chemos seguido paso a paso todas las instrucciones que se nos ha solicitado y el p\u00fablico ha respondido favorablemente. Hemos dado una muestra importante de c\u00f3mo trabajar y darle confianza al modular\u201d<\/strong>, se\u00f1al\u00f3 Mart\u00edn Ossand\u00f3n, Gerente General de CDLS.<\/p>\n<p style=\"text-align: justify;\">Asimismo, el Jefe de Gabinete de la Municipalidad de La Serena, Juan Gallardo, acot\u00f3 que <strong>\u201cpara nosotros era vital que se pudiera convivir el f\u00fatbol con el hospital. Invitamos\u00a0 a que vengan con tranquilidad porque el estadio est\u00e1 en \u00f3ptimas condiciones\u201d<\/strong>.<\/p>\n","protected":false},"excerpt":{"rendered":"<p>El duelo est\u00e1 programado para este s\u00e1bado a las 15 horas. El ingreso del p\u00fablico se realizar\u00e1 desde las 13 horas y por diversos puntos, seg\u00fan inform\u00f3 el Delegado Presidencial Rub\u00e9n Quezada, tras constatar las medidas de seguridad de La Portada. \u00a0Seguridad, acceso, aforo y el c\u00e9sped. Todas las condiciones<\/p>\n","protected":false},"author":1,"featured_media":1703,"comment_status":"closed","ping_status":"open","sticky":false,"template":"","format":"standard","meta":{"footnotes":""},"categories":[36],"tags":[],"class_list":["post-1702","post","type-post","status-publish","format-standard","has-post-thumbnail","hentry","category-dppcoquimbo"],"_links":{"self":[{"href":"https:\/\/minutaregional.cl\/index.php?rest_route=\/wp\/v2\/posts\/1702","targetHints":{"allow":["GET"]}}],"collection":[{"href":"https:\/\/minutaregional.cl\/index.php?rest_route=\/wp\/v2\/posts"}],"about":[{"href":"https:\/\/minutaregional.cl\/index.php?rest_route=\/wp\/v2\/types\/post"}],"author":[{"embeddable":true,"href":"https:\/\/minutaregional.cl\/index.php?rest_route=\/wp\/v2\/users\/1"}],"replies":[{"embeddable":true,"href":"https:\/\/minutaregional.cl\/index.php?rest_route=%2Fwp%2Fv2%2Fcomments&post=1702"}],"version-history":[{"count":1,"href":"https:\/\/minutaregional.cl\/index.php?rest_route=\/wp\/v2\/posts\/1702\/revisions"}],"predecessor-version":[{"id":1704,"href":"https:\/\/minutaregional.cl\/index.php?rest_route=\/wp\/v2\/posts\/1702\/revisions\/1704"}],"wp:featuredmedia":[{"embeddable":true,"href":"https:\/\/minutaregional.cl\/index.php?rest_route=\/wp\/v2\/media\/1703"}],"wp:attachment":[{"href":"https:\/\/minutaregional.cl\/index.php?rest_route=%2Fwp%2Fv2%2Fmedia&parent=1702"}],"wp:term":[{"taxonomy":"category","embeddable":true,"href":"https:\/\/minutaregional.cl\/index.php?rest_route=%2Fwp%2Fv2%2Fcategories&post=1702"},{"taxonomy":"post_tag","embeddable":true,"href":"https:\/\/minutaregional.cl\/index.php?rest_route=%2Fwp%2Fv2%2Ftags&post=1702"}],"curies":[{"name":"wp","href":"https:\/\/api.w.org\/{rel}","templated":true}]}}