{"id":1699,"date":"2022-09-08T21:50:05","date_gmt":"2022-09-08T21:50:05","guid":{"rendered":"https:\/\/minutaregional.cl\/?p=1699"},"modified":"2022-09-08T21:50:05","modified_gmt":"2022-09-08T21:50:05","slug":"caracol-colonial-de-la-serena-se-adjudica-recursos-para-mejorar-su-seguridad-e-imagen","status":"publish","type":"post","link":"https:\/\/minutaregional.cl\/?p=1699","title":{"rendered":"Caracol Colonial de La Serena se Adjudica Recursos para Mejorar su Seguridad e imagen"},"content":{"rendered":"<ul>\n<li style=\"text-align: justify;\"><strong><em>Gracias al programa Desarrollo de Ferias Libres de SERCOTEC, el reconocido centro comercial de la capital regional se adjudic\u00f3 recursos por 10 millones de pesos. Una acci\u00f3n m\u00e1s dentro del Plan de Recuperaci\u00f3n de Espacios P\u00fablicos ejecutado en el centro de la ciudad.<\/em><\/strong><\/li>\n<\/ul>\n<p style=\"text-align: justify;\"><strong>\u00a0<\/strong>M\u00e1s de 40 a\u00f1os de historia tiene el tradicional Caracol Colonial de La Serena. Punto de encuentro familiar que ofrece distintos servicios a sus visitantes y cuyos locatarios, constantemente, buscan alternativas para desarrollarse y seguir siendo una de las galer\u00edas comerciales m\u00e1s reconocidas de la ciudad.<\/p>\n<p style=\"text-align: justify;\">Apostando hacia la modernizaci\u00f3n, los trabajadores presentaron un proyecto y postularon al programa de Desarrollo de Ferias Libres de SERCOTEC, resultando ganadores y adjudic\u00e1ndose 10 millones de pesos.<\/p>\n<p style=\"text-align: justify;\"><strong>\u201c\u00c9ste es un edificio con historia. Antiguamente era muy bueno y se llenaba. Tuvimos ca\u00eddas pero nos levantamos. Y lo que recibimos es un aliciente, porque vamos a remozarlo, rejuvenecerlo y se ver\u00e1 muy lindo\u201d<\/strong>, indic\u00f3 Mar\u00eda Soledad \u00c1lvarez, Presidenta de la comunidad comercial.<\/p>\n<p style=\"text-align: justify;\">Se trata de una l\u00ednea de financiamiento que para este a\u00f1o dispuso de m\u00e1s de 49 millones de pesos, beneficiando a 5 organizaciones de comerciantes, cubriendo a cerca de 520 puestos comerciales en toda la regi\u00f3n.<\/p>\n<p style=\"text-align: justify;\">Los recursos adjudicados al Caracol Colonial, permitir\u00e1n invertir en seguridad y fortalecimiento de la imagen del recinto. Al respecto, el Delegado Presidencial Regional, Rub\u00e9n Quezada, destac\u00f3 que <strong>\u201ccuando hablamos de la Recuperaci\u00f3n de Espacios P\u00fablicos, tenemos bajadas concretas como en este caso en que financiaremos la reposici\u00f3n y mejoramiento del interior, sus pasillos y luminarias, embelleciendo a este espacio cercano y c\u00e9ntrico, otorg\u00e1ndole m\u00e1s seguridad y mayor iluminaci\u00f3n para mejorar la calidad de vida de quienes trabajan y visitan este lugar\u201d<\/strong>.<\/p>\n<p style=\"text-align: justify;\">Y es que esta l\u00ednea de financiamiento busca modernizar y fortalecer establecimientos comerciales, mejorando la infraestructura, generando nuevas capacidades y conocimientos para trabajadores y trabajadores.<\/p>\n<p style=\"text-align: justify;\"><strong>\u201cAqu\u00ed tambi\u00e9n impulsaremos una p\u00e1gina web para que salgan al mercado y tener su vitrina digital. Queremos darle dinamismo econ\u00f3mico al centro y que los visitantes vuelvan y reconozcan su patrimonio, y el caracol es un ejemplo de ello\u201d<\/strong>, acot\u00f3 el Director Regional de SERCOTEC, Pascal Lagunas.<\/p>\n<p style=\"text-align: justify;\">Mientras que el Consejero Regional, Javier Vega, sostuvo que <strong>\u201ccon organizaci\u00f3n se puede avanzar. Vemos que hay necesidad de mejoramiento para la atenci\u00f3n en un lugar hist\u00f3rico. Este paso es importante y hacemos el llamado a que aprovechen estas herramientas como las que tenemos en el CORE para el fomento productivo\u201d<\/strong>.<\/p>\n<p style=\"text-align: justify;\"><strong>Un programa m\u00e1s inclusivo.<\/strong><\/p>\n<p style=\"text-align: justify;\"><strong>\u00a0<\/strong>El Programa Desarrollo de Ferias Libres naci\u00f3 en a\u00f1o 2009 y ha apoyado hasta el a\u00f1o 2022 a 101.184 feriantes a lo largo del pa\u00eds, con una inversi\u00f3n de $18.936 millones en estos 13 a\u00f1os.<\/p>\n<p style=\"text-align: justify;\"><strong>\u00a0<\/strong>Hace 4 a\u00f1os se incluy\u00f3 a las Ferias de Productos Usados (Feria de Las Pulgas), ampliando las oportunidades de crecimiento. Y a partir de este 2022, se abri\u00f3 la postulaci\u00f3n a galer\u00edas comerciales, para potenciar estos polos comerciales, llegando a una mayor cantidad de sectores que requieran apoyo del Estado.<\/p>\n","protected":false},"excerpt":{"rendered":"<p>Gracias al programa Desarrollo de Ferias Libres de SERCOTEC, el reconocido centro comercial de la capital regional se adjudic\u00f3 recursos por 10 millones de pesos. Una acci\u00f3n m\u00e1s dentro del Plan de Recuperaci\u00f3n de Espacios P\u00fablicos ejecutado en el centro de la ciudad. \u00a0M\u00e1s de 40 a\u00f1os de historia tiene<\/p>\n","protected":false},"author":1,"featured_media":1700,"comment_status":"closed","ping_status":"open","sticky":false,"template":"","format":"standard","meta":{"footnotes":""},"categories":[36,39],"tags":[],"class_list":["post-1699","post","type-post","status-publish","format-standard","has-post-thumbnail","hentry","category-dppcoquimbo","category-sercotec"],"_links":{"self":[{"href":"https:\/\/minutaregional.cl\/index.php?rest_route=\/wp\/v2\/posts\/1699","targetHints":{"allow":["GET"]}}],"collection":[{"href":"https:\/\/minutaregional.cl\/index.php?rest_route=\/wp\/v2\/posts"}],"about":[{"href":"https:\/\/minutaregional.cl\/index.php?rest_route=\/wp\/v2\/types\/post"}],"author":[{"embeddable":true,"href":"https:\/\/minutaregional.cl\/index.php?rest_route=\/wp\/v2\/users\/1"}],"replies":[{"embeddable":true,"href":"https:\/\/minutaregional.cl\/index.php?rest_route=%2Fwp%2Fv2%2Fcomments&post=1699"}],"version-history":[{"count":1,"href":"https:\/\/minutaregional.cl\/index.php?rest_route=\/wp\/v2\/posts\/1699\/revisions"}],"predecessor-version":[{"id":1701,"href":"https:\/\/minutaregional.cl\/index.php?rest_route=\/wp\/v2\/posts\/1699\/revisions\/1701"}],"wp:featuredmedia":[{"embeddable":true,"href":"https:\/\/minutaregional.cl\/index.php?rest_route=\/wp\/v2\/media\/1700"}],"wp:attachment":[{"href":"https:\/\/minutaregional.cl\/index.php?rest_route=%2Fwp%2Fv2%2Fmedia&parent=1699"}],"wp:term":[{"taxonomy":"category","embeddable":true,"href":"https:\/\/minutaregional.cl\/index.php?rest_route=%2Fwp%2Fv2%2Fcategories&post=1699"},{"taxonomy":"post_tag","embeddable":true,"href":"https:\/\/minutaregional.cl\/index.php?rest_route=%2Fwp%2Fv2%2Ftags&post=1699"}],"curies":[{"name":"wp","href":"https:\/\/api.w.org\/{rel}","templated":true}]}}