{"id":1691,"date":"2022-09-08T08:59:20","date_gmt":"2022-09-08T08:59:20","guid":{"rendered":"https:\/\/minutaregional.cl\/?p=1691"},"modified":"2022-09-08T09:01:39","modified_gmt":"2022-09-08T09:01:39","slug":"hasta-el-13-de-septiembre-estara-abierta-convocatoria-para-impulsar-la-innovacion-en-empresas-locales","status":"publish","type":"post","link":"https:\/\/minutaregional.cl\/?p=1691","title":{"rendered":"Hasta el 13 de septiembre estar\u00e1 abierta convocatoria para impulsar la innovaci\u00f3n en empresas locales"},"content":{"rendered":"<p>La Serena, Septiembre, 2022. El director regional de Corfo, Andr\u00e9s Zurita, reiter\u00f3 hoy el llamado a postular a la convocatoria dirigida a las empresas de la regi\u00f3n. Se trata de \u201cS\u00famate a Innovar\u201d, una iniciativa que busca impulsar el desarrollo de innovaciones que resuelvan desaf\u00edos productivos y\/o de competitividad, con foco en la sustentabilidad.<\/p>\n<p>La convocatoria co-financiar\u00e1 hasta en un 80 % del costo total del proyecto con un tope de $10.000.000. Y en el caso de que las empresas cumplan con la condici\u00f3n de ser \u201cempresas lideradas por mujeres\u201d podr\u00e1n optar al aumento del 10% en el cofinanciamiento.<\/p>\n<p>Zurita destac\u00f3 el aporte que significa este programa para las empresas locales, se\u00f1alando que \u201cqueremos fomentar el desarrollo de soluciones innovadoras para resolver desaf\u00edos de productividad y\/o competitividad regional, agregando valor a productos, servicios y\/o procesos que permitan incorporar un componente de sustentabilidad en los negocios\u201d.<\/p>\n<p>Cabe se\u00f1alar que las instituciones de educaci\u00f3n superior podr\u00e1n participar como entidades colaboradoras, y no como beneficiarias. Adem\u00e1s, quienes est\u00e9n ejecutando o hayan desarrollado proyectos apoyados por InnovaChile en los \u00faltimos 5 a\u00f1os, no podr\u00e1n postular.<\/p>\n<p>La convocatoria estar\u00e1 abierta hasta las 15.00 horas del martes 13 de septiembre. Para m\u00e1s informaci\u00f3n entra a Corfo, y para postular accede al siguiente link <a href=\"https:\/\/www.corfo.cl\/sites\/cpp\/convocatorias\/movil\/sumate_innovar_coquimbo\">www.corfo.cl<\/a><\/p>\n<p>www.corfo.cl\/sites\/cpp\/convocatorias\/movil\/sumate_innovar_coquimbo<\/p>\n<p>&nbsp;<\/p>\n<p>&nbsp;<\/p>\n<p>&nbsp;<\/p>\n<p>&nbsp;<\/p>\n<p>&nbsp;<\/p>\n","protected":false},"excerpt":{"rendered":"<p>La Serena, Septiembre, 2022. El director regional de Corfo, Andr\u00e9s Zurita, reiter\u00f3 hoy el llamado a postular a la convocatoria dirigida a las empresas de la regi\u00f3n. Se trata de \u201cS\u00famate a Innovar\u201d, una iniciativa que busca impulsar el desarrollo de innovaciones que resuelvan desaf\u00edos productivos y\/o de competitividad, con<\/p>\n","protected":false},"author":1,"featured_media":1692,"comment_status":"closed","ping_status":"open","sticky":false,"template":"","format":"standard","meta":{"footnotes":""},"categories":[20],"tags":[],"class_list":["post-1691","post","type-post","status-publish","format-standard","has-post-thumbnail","hentry","category-corfo"],"_links":{"self":[{"href":"https:\/\/minutaregional.cl\/index.php?rest_route=\/wp\/v2\/posts\/1691","targetHints":{"allow":["GET"]}}],"collection":[{"href":"https:\/\/minutaregional.cl\/index.php?rest_route=\/wp\/v2\/posts"}],"about":[{"href":"https:\/\/minutaregional.cl\/index.php?rest_route=\/wp\/v2\/types\/post"}],"author":[{"embeddable":true,"href":"https:\/\/minutaregional.cl\/index.php?rest_route=\/wp\/v2\/users\/1"}],"replies":[{"embeddable":true,"href":"https:\/\/minutaregional.cl\/index.php?rest_route=%2Fwp%2Fv2%2Fcomments&post=1691"}],"version-history":[{"count":3,"href":"https:\/\/minutaregional.cl\/index.php?rest_route=\/wp\/v2\/posts\/1691\/revisions"}],"predecessor-version":[{"id":1695,"href":"https:\/\/minutaregional.cl\/index.php?rest_route=\/wp\/v2\/posts\/1691\/revisions\/1695"}],"wp:featuredmedia":[{"embeddable":true,"href":"https:\/\/minutaregional.cl\/index.php?rest_route=\/wp\/v2\/media\/1692"}],"wp:attachment":[{"href":"https:\/\/minutaregional.cl\/index.php?rest_route=%2Fwp%2Fv2%2Fmedia&parent=1691"}],"wp:term":[{"taxonomy":"category","embeddable":true,"href":"https:\/\/minutaregional.cl\/index.php?rest_route=%2Fwp%2Fv2%2Fcategories&post=1691"},{"taxonomy":"post_tag","embeddable":true,"href":"https:\/\/minutaregional.cl\/index.php?rest_route=%2Fwp%2Fv2%2Ftags&post=1691"}],"curies":[{"name":"wp","href":"https:\/\/api.w.org\/{rel}","templated":true}]}}