{"id":1688,"date":"2022-09-08T08:48:46","date_gmt":"2022-09-08T08:48:46","guid":{"rendered":"https:\/\/minutaregional.cl\/?p=1688"},"modified":"2022-09-08T08:48:46","modified_gmt":"2022-09-08T08:48:46","slug":"aguas-del-valle-y-sernatur-presentan-plan-especial-para-fiestas-patrias-y-llaman-al-consumo-responsable","status":"publish","type":"post","link":"https:\/\/minutaregional.cl\/?p=1688","title":{"rendered":"Aguas del Valle y Sernatur presentan plan especial para Fiestas Patrias y llaman al consumo responsable"},"content":{"rendered":"<p>El Servicio Nacional de Turismo prev\u00e9 la llegada de 130 mil viajes a la regi\u00f3n. La sanitaria, en tanto, proyecta para las localidades tur\u00edsticas, un incremento promedio del 21% en el consumo de agua potable.<\/p>\n<p>Regi\u00f3n de Coquimbo, 07 de septiembre de 2022. El gerente regional de Aguas del Valle, Andr\u00e9s Nazer, junto a la directora regional de Sernatur, Ang\u00e9lica Funes, dio a conocer el plan especial de la sanitaria para Fiestas Patrias. Este considera el refuerzo de la operaci\u00f3n para responder al aumento en el consumo de agua potable que se registra en estas fechas, debido a la gran cantidad de visitantes que llegan a la zona.<\/p>\n<p>Al respecto, la directora regional de Sernatur, sostuvo que \u201cal fin este a\u00f1o tenemos una mayor apertura para festejar estas Fiestas Patrias. Con un d\u00eda adicional, la regi\u00f3n de Coquimbo espera cerca de 130 mil viajes esos d\u00edas, que se traducir\u00e1 en usar alojamientos, visitar atractivos, restaurantes y locales comerciales, que fortalecen a las econom\u00edas locales e impulsan la reactivaci\u00f3n econ\u00f3mica. Las ciudades de La Serena, Coquimbo y Los Vilos est\u00e1n dentro de las m\u00e1s visitadas en Chile, y el valle de Elqui ya tiene un 80% de reservas. Si bien esto es positivo para el sector, tambi\u00e9n debemos llamar a utilizar de forma racional el recurso h\u00eddrico, y por supuesto no descuidar las medidas sanitarias por la pandemia\u201d.<\/p>\n<p>\u201cDurante las celebraciones aumenta la demanda promedio en las zonas m\u00e1s visitadas de nuestra regi\u00f3n. Hemos calculado un incremento del 21% en el consumo de agua potable respecto del promedio en las localidades m\u00e1s tur\u00edsticas de la regi\u00f3n como son Los Vilos, Vicu\u00f1a, Paihuano, Guanaqueros y Tongoy\u201d, dijo Nazer.<\/p>\n<p>El ejecutivo detall\u00f3 que para enfrentar este escenario durante los cuatro d\u00edas de celebraci\u00f3n se dispondr\u00e1 de un plan de contingencia que considera acciones preventivas como la revisi\u00f3n extraordinaria de instalaciones y redes y la mantenci\u00f3n de los equipos de bombeo de agua potable. Por otro lado, el Centro de Control de Operaciones de la sanitaria contar\u00e1 con turnos reforzados, al igual que las cuadrillas en terreno para atender con oportunidad eventuales emergencias.<\/p>\n<p>Llamado al consumo responsable y buen uso del alcantarillado<\/p>\n<p>Finalmente, el ejecutivo reforz\u00f3 el llamado al uso racional del agua, pues el escenario h\u00eddrico de la regi\u00f3n sigue siendo delicado, pese al alivio que representan las lluvias de la \u00faltima temporada. \u201cSi bien estamos en una mejor condici\u00f3n, la desertificaci\u00f3n es una situaci\u00f3n estructural y por ello, es fundamental que tanto turistas como residentes, hagamos un uso moderado y consciente del agua\u201d, afirm\u00f3 Nazer.<\/p>\n<p>Recalc\u00f3, adem\u00e1s, que es muy necesario que tanto los hogares como los restaurantes realicen un uso correcto del alcantarillado para evitar entorpecer el servicio, pues este no est\u00e1 preparado para recibir aceites o restos de grasa por el lavaplatos ni basura como pa\u00f1ales, restos de comida, bolsas pl\u00e1sticas, hojas u otros desechos.<\/p>\n","protected":false},"excerpt":{"rendered":"<p>El Servicio Nacional de Turismo prev\u00e9 la llegada de 130 mil viajes a la regi\u00f3n. La sanitaria, en tanto, proyecta para las localidades tur\u00edsticas, un incremento promedio del 21% en el consumo de agua potable. Regi\u00f3n de Coquimbo, 07 de septiembre de 2022. El gerente regional de Aguas del Valle,<\/p>\n","protected":false},"author":1,"featured_media":1689,"comment_status":"closed","ping_status":"open","sticky":false,"template":"","format":"standard","meta":{"footnotes":""},"categories":[45],"tags":[],"class_list":["post-1688","post","type-post","status-publish","format-standard","has-post-thumbnail","hentry","category-aguas-del-valle"],"_links":{"self":[{"href":"https:\/\/minutaregional.cl\/index.php?rest_route=\/wp\/v2\/posts\/1688","targetHints":{"allow":["GET"]}}],"collection":[{"href":"https:\/\/minutaregional.cl\/index.php?rest_route=\/wp\/v2\/posts"}],"about":[{"href":"https:\/\/minutaregional.cl\/index.php?rest_route=\/wp\/v2\/types\/post"}],"author":[{"embeddable":true,"href":"https:\/\/minutaregional.cl\/index.php?rest_route=\/wp\/v2\/users\/1"}],"replies":[{"embeddable":true,"href":"https:\/\/minutaregional.cl\/index.php?rest_route=%2Fwp%2Fv2%2Fcomments&post=1688"}],"version-history":[{"count":1,"href":"https:\/\/minutaregional.cl\/index.php?rest_route=\/wp\/v2\/posts\/1688\/revisions"}],"predecessor-version":[{"id":1690,"href":"https:\/\/minutaregional.cl\/index.php?rest_route=\/wp\/v2\/posts\/1688\/revisions\/1690"}],"wp:featuredmedia":[{"embeddable":true,"href":"https:\/\/minutaregional.cl\/index.php?rest_route=\/wp\/v2\/media\/1689"}],"wp:attachment":[{"href":"https:\/\/minutaregional.cl\/index.php?rest_route=%2Fwp%2Fv2%2Fmedia&parent=1688"}],"wp:term":[{"taxonomy":"category","embeddable":true,"href":"https:\/\/minutaregional.cl\/index.php?rest_route=%2Fwp%2Fv2%2Fcategories&post=1688"},{"taxonomy":"post_tag","embeddable":true,"href":"https:\/\/minutaregional.cl\/index.php?rest_route=%2Fwp%2Fv2%2Ftags&post=1688"}],"curies":[{"name":"wp","href":"https:\/\/api.w.org\/{rel}","templated":true}]}}