{"id":1684,"date":"2022-09-07T20:20:57","date_gmt":"2022-09-07T20:20:57","guid":{"rendered":"https:\/\/minutaregional.cl\/?p=1684"},"modified":"2022-09-07T20:20:57","modified_gmt":"2022-09-07T20:20:57","slug":"diputado-manouchehri-es-inaceptable-que-pongan-en-cuestion-la-lealtad-al-gobierno-por-un-cargo","status":"publish","type":"post","link":"https:\/\/minutaregional.cl\/?p=1684","title":{"rendered":"Diputado Manouchehri: \u201cEs inaceptable que pongan en cuesti\u00f3n la lealtad al gobierno por un cargo\u201d"},"content":{"rendered":"<p style=\"text-align: justify;\">El diputado socialista Daniel Manouchehri reaccion\u00f3 a los dichos del senador del PC, Daniel N\u00fa\u00f1ez, quien condicion\u00f3 la presencia de su partido a la coalici\u00f3n de gobierno.<\/p>\n<p style=\"text-align: justify;\">\u00a0\u201cNos parece que hacer este tipo de declaraciones, a prop\u00f3sito de los nombramientos de los cargos, no corresponde. Poner en cuesti\u00f3n la lealtad al gobierno por un cargo m\u00e1s o un cargo menos no nos parece que es correcto\u201d, se\u00f1al\u00f3 Manouchehri.<\/p>\n<p style=\"text-align: justify;\">El legislador por la Regi\u00f3n de Coquimbo apunt\u00f3 que la acci\u00f3n del senador N\u00fa\u00f1ez \u201ces intentar presionar para obtener alg\u00fan cargo m\u00e1s en el gobierno nacional o en el gobierno regional, y creo que ese tipo de situaciones simplemente no contribuyen en nada al correcto desempe\u00f1o del gobierno.<\/p>\n<p style=\"text-align: justify;\">\u201cYo llamar\u00eda al senador a actuar con lealtad al gobierno del presidente Gabriel Boric. Es inaceptable chantajear al gobierno por un cargo del Estado. Llamo al senador a dejar las amenazas de lado y comportarse con m\u00e1s lealtad\u201d, indic\u00f3 el diputado<\/p>\n<p style=\"text-align: justify;\"><strong><em>Respaldo al ajuste ministerial<\/em><\/strong><\/p>\n<p style=\"text-align: justify;\">Consultado por el reciente cambio de gabinete del gobierno, el diputado Manouchehri respald\u00f3 la decisi\u00f3n. \u201cCreo que el gobierno inicia una nueva etapa con nuevos nombres en su gobierno y nosotros creemos que este nuevo ciclo sin duda ser\u00e1 uno que permitir\u00e1 llevar a cabo los cambios que est\u00e1n esperando hoy los chilenos\u201d, se\u00f1al\u00f3.<\/p>\n<p style=\"text-align: justify;\">A su vez, el parlamentario valor\u00f3 la incorporaci\u00f3n de la ministra de Trabajo, Jeannette Jara, al Comit\u00e9 Pol\u00edtico del Ejecutivo. \u201cNos parece que es una buena se\u00f1al. Sin duda alguna la ministra de Trabajo ha desempe\u00f1ado una muy buena labor, y creemos que es una buena noticia su presencia en el Comit\u00e9 Pol\u00edtico. Contribuir\u00e1 adem\u00e1s al pluralismo dentro del comit\u00e9, a la paridad de g\u00e9nero y tambi\u00e9n a poner el tema del trabajo en la agenda nacional\u201d, asegur\u00f3 Manouchehri.<\/p>\n","protected":false},"excerpt":{"rendered":"<p>El diputado socialista Daniel Manouchehri reaccion\u00f3 a los dichos del senador del PC, Daniel N\u00fa\u00f1ez, quien condicion\u00f3 la presencia de su partido a la coalici\u00f3n de gobierno. \u00a0\u201cNos parece que hacer este tipo de declaraciones, a prop\u00f3sito de los nombramientos de los cargos, no corresponde. Poner en cuesti\u00f3n la lealtad<\/p>\n","protected":false},"author":1,"featured_media":1685,"comment_status":"closed","ping_status":"open","sticky":false,"template":"","format":"standard","meta":{"footnotes":""},"categories":[26],"tags":[],"class_list":["post-1684","post","type-post","status-publish","format-standard","has-post-thumbnail","hentry","category-camara-de-diputadas-y-diputados"],"_links":{"self":[{"href":"https:\/\/minutaregional.cl\/index.php?rest_route=\/wp\/v2\/posts\/1684","targetHints":{"allow":["GET"]}}],"collection":[{"href":"https:\/\/minutaregional.cl\/index.php?rest_route=\/wp\/v2\/posts"}],"about":[{"href":"https:\/\/minutaregional.cl\/index.php?rest_route=\/wp\/v2\/types\/post"}],"author":[{"embeddable":true,"href":"https:\/\/minutaregional.cl\/index.php?rest_route=\/wp\/v2\/users\/1"}],"replies":[{"embeddable":true,"href":"https:\/\/minutaregional.cl\/index.php?rest_route=%2Fwp%2Fv2%2Fcomments&post=1684"}],"version-history":[{"count":1,"href":"https:\/\/minutaregional.cl\/index.php?rest_route=\/wp\/v2\/posts\/1684\/revisions"}],"predecessor-version":[{"id":1686,"href":"https:\/\/minutaregional.cl\/index.php?rest_route=\/wp\/v2\/posts\/1684\/revisions\/1686"}],"wp:featuredmedia":[{"embeddable":true,"href":"https:\/\/minutaregional.cl\/index.php?rest_route=\/wp\/v2\/media\/1685"}],"wp:attachment":[{"href":"https:\/\/minutaregional.cl\/index.php?rest_route=%2Fwp%2Fv2%2Fmedia&parent=1684"}],"wp:term":[{"taxonomy":"category","embeddable":true,"href":"https:\/\/minutaregional.cl\/index.php?rest_route=%2Fwp%2Fv2%2Fcategories&post=1684"},{"taxonomy":"post_tag","embeddable":true,"href":"https:\/\/minutaregional.cl\/index.php?rest_route=%2Fwp%2Fv2%2Ftags&post=1684"}],"curies":[{"name":"wp","href":"https:\/\/api.w.org\/{rel}","templated":true}]}}