{"id":1678,"date":"2022-09-07T15:09:43","date_gmt":"2022-09-07T15:09:43","guid":{"rendered":"https:\/\/minutaregional.cl\/?p=1678"},"modified":"2022-09-07T15:09:43","modified_gmt":"2022-09-07T15:09:43","slug":"este-miercoles-termina-el-periodo-de-postulacion-a-la-admision-escolar-2023","status":"publish","type":"post","link":"https:\/\/minutaregional.cl\/?p=1678","title":{"rendered":"Este mi\u00e9rcoles termina el periodo de postulaci\u00f3n a la Admisi\u00f3n Escolar 2023"},"content":{"rendered":"<p style=\"text-align: justify;\">Este mi\u00e9rcoles 7 de septiembre a las 23:59 horas finaliza el periodo de postulaci\u00f3n para la Admisi\u00f3n Escolar para el a\u00f1o acad\u00e9mico 2023 a establecimientos que reciben financiamiento del Estado, proceso que comenz\u00f3 el 10 de agosto y que estar\u00e1 disponible hasta hoy mi\u00e9rcoles para realizarlo de manera online, a trav\u00e9s de la plataforma web <a href=\"http:\/\/www.sistemadeadmisionescolar.cl\">www.sistemadeadmisionescolar.cl<\/a>.<\/p>\n<p style=\"text-align: justify;\">Para apoyar a las y los apoderados que han requerido orientaci\u00f3n y\/o gu\u00eda para postular a sus hijos\/as, el Ministerio de Educaci\u00f3n public\u00f3 en el mismo sitio la informaci\u00f3n sobre los puntos de atenci\u00f3n presenciales a lo largo del pa\u00eds.<\/p>\n<p style=\"text-align: justify;\">El ministro de Educaci\u00f3n, Marco Antonio \u00c1vila, destac\u00f3 la importancia de este proceso, se\u00f1alando que \u2018\u2019el objetivo de este sistema es precisamente eliminar las barreras de acceso a los establecimientos que reciben financiamiento del Estado, junto con potenciar una educaci\u00f3n integral e inclusiva\u2019\u2019. Asimismo, el ministro recuerda a las familias que \u2018\u2019haber postulado antes o despu\u00e9s no influye de ninguna manera en la asignaci\u00f3n de vacantes. Todas y todos tendr\u00e1n las mismas oportunidades, lo relevante es que las postulaciones se realicen dentro del plazo establecido\u2019\u2019.<\/p>\n<p style=\"text-align: justify;\">La Seremi de Educaci\u00f3n Cecilia Ram\u00edrez Ch\u00e1vez inform\u00f3 que \u201chasta el martes 06 de septiembre hemos recibido 26.843 postulaciones a colegios p\u00fablicos y particulares subvencionados por el Sistema de Admisi\u00f3n Escolar en la Regi\u00f3n de Coquimbo, de una estimaci\u00f3n de 26.556 postulaciones esperadas, es decir, tenemos un avance de un 101.08%. No obstante estas cifras, hacemos un llamado a apoderadas y apoderados que a\u00fan no hayan efectuado la postulaci\u00f3n de sus hijas e hijos, que ingresen a la p\u00e1gina web <a href=\"http:\/\/www.sistemadeadmisionescolar.cl\">www.sistemadeadmisionescolar.cl<\/a> porque el plazo vence hoy mi\u00e9rcoles 07 de septiembre a las 23.59 horas. \u00a0No existe un l\u00edmite de postulaciones. Por eso, sugerimos a madres, padres y apoderadas (os), que hab\u00edan postulado a pocos colegios, que pueden efectuar modificaciones y agregar otros establecimientos de su preferencia\u201d, enfatiz\u00f3 la autoridad.<\/p>\n<p style=\"text-align: justify;\"><strong>\u00bfQu\u00e9 estudiantes deben postular para este periodo?<\/strong><\/p>\n<p style=\"text-align: justify;\">\n<p style=\"text-align: justify;\">Quienes ingresen por primera vez a un establecimiento p\u00fablico o particular subvencionado; quieran cambiarse de establecimiento o se encuentren actualmente en uno que no tiene continuidad en el siguiente nivel; y quienes quieran reingresar al sistema escolar.<\/p>\n<p style=\"text-align: justify;\"><strong>\u00bfCu\u00e1ndo estar\u00e1n disponibles los resultados de este periodo?<\/strong><\/p>\n<p style=\"text-align: justify;\">Desde el <strong>24 al 28 de octubre<\/strong> ingresando a la plataforma <a href=\"http:\/\/www.sistemadeadmisionescolar.cl\">www.sistemadeadmisionescolar.cl<\/a> con las credenciales de usuario creadas al momento de postular. Tambi\u00e9n los apoderados recibir\u00e1n un correo electr\u00f3nico con informaci\u00f3n del proceso.<\/p>\n","protected":false},"excerpt":{"rendered":"<p>Este mi\u00e9rcoles 7 de septiembre a las 23:59 horas finaliza el periodo de postulaci\u00f3n para la Admisi\u00f3n Escolar para el a\u00f1o acad\u00e9mico 2023 a establecimientos que reciben financiamiento del Estado, proceso que comenz\u00f3 el 10 de agosto y que estar\u00e1 disponible hasta hoy mi\u00e9rcoles para realizarlo de manera online, a<\/p>\n","protected":false},"author":1,"featured_media":1679,"comment_status":"closed","ping_status":"open","sticky":false,"template":"","format":"standard","meta":{"footnotes":""},"categories":[40],"tags":[],"class_list":["post-1678","post","type-post","status-publish","format-standard","has-post-thumbnail","hentry","category-secreduc_iv"],"_links":{"self":[{"href":"https:\/\/minutaregional.cl\/index.php?rest_route=\/wp\/v2\/posts\/1678","targetHints":{"allow":["GET"]}}],"collection":[{"href":"https:\/\/minutaregional.cl\/index.php?rest_route=\/wp\/v2\/posts"}],"about":[{"href":"https:\/\/minutaregional.cl\/index.php?rest_route=\/wp\/v2\/types\/post"}],"author":[{"embeddable":true,"href":"https:\/\/minutaregional.cl\/index.php?rest_route=\/wp\/v2\/users\/1"}],"replies":[{"embeddable":true,"href":"https:\/\/minutaregional.cl\/index.php?rest_route=%2Fwp%2Fv2%2Fcomments&post=1678"}],"version-history":[{"count":1,"href":"https:\/\/minutaregional.cl\/index.php?rest_route=\/wp\/v2\/posts\/1678\/revisions"}],"predecessor-version":[{"id":1680,"href":"https:\/\/minutaregional.cl\/index.php?rest_route=\/wp\/v2\/posts\/1678\/revisions\/1680"}],"wp:featuredmedia":[{"embeddable":true,"href":"https:\/\/minutaregional.cl\/index.php?rest_route=\/wp\/v2\/media\/1679"}],"wp:attachment":[{"href":"https:\/\/minutaregional.cl\/index.php?rest_route=%2Fwp%2Fv2%2Fmedia&parent=1678"}],"wp:term":[{"taxonomy":"category","embeddable":true,"href":"https:\/\/minutaregional.cl\/index.php?rest_route=%2Fwp%2Fv2%2Fcategories&post=1678"},{"taxonomy":"post_tag","embeddable":true,"href":"https:\/\/minutaregional.cl\/index.php?rest_route=%2Fwp%2Fv2%2Ftags&post=1678"}],"curies":[{"name":"wp","href":"https:\/\/api.w.org\/{rel}","templated":true}]}}