{"id":1674,"date":"2022-09-07T15:02:34","date_gmt":"2022-09-07T15:02:34","guid":{"rendered":"https:\/\/minutaregional.cl\/?p=1674"},"modified":"2022-09-07T15:02:34","modified_gmt":"2022-09-07T15:02:34","slug":"organizaciones-culturales-comunitarias-de-la-region-entregan-propuesta-sobre-politica-cultural-de-base-a-la-ministra-de-las-culturas","status":"publish","type":"post","link":"https:\/\/minutaregional.cl\/?p=1674","title":{"rendered":"Organizaciones Culturales Comunitarias de la regi\u00f3n entregan propuesta sobre pol\u00edtica cultural de base a la ministra de las Culturas"},"content":{"rendered":"<audio class=\"wp-audio-shortcode\" id=\"audio-1674-1\" preload=\"none\" style=\"width: 100%;\" controls=\"controls\"><source type=\"audio\/mpeg\" src=\"https:\/\/minutaregional.cl\/wp-content\/uploads\/2022\/09\/Cuna-Julieta-Brodsky-ministra-de-las-Culturas.m4a?_=1\" \/><a href=\"https:\/\/minutaregional.cl\/wp-content\/uploads\/2022\/09\/Cuna-Julieta-Brodsky-ministra-de-las-Culturas.m4a\">https:\/\/minutaregional.cl\/wp-content\/uploads\/2022\/09\/Cuna-Julieta-Brodsky-ministra-de-las-Culturas.m4a<\/a><\/audio>\n<p>AUDIO : Julieta Brodsky &#8211; Ministra de las Culturas<\/p>\n<ul>\n<li style=\"text-align: justify;\"><strong>El trabajo de la Mesa Regional, a trav\u00e9s del Programa Red Cultura, y los desaf\u00edos futuros sobre pol\u00edticas comunitarias, fueron parte de los temas tratados en la cita que tuvo lugar en la localidad de Tongoy.<\/strong><\/li>\n<\/ul>\n<p style=\"text-align: justify;\">Un encuentro para conocerse en profundidad. As\u00ed se podr\u00eda definir la reuni\u00f3n que sostuvo la Mesa Regional de Organizaciones Culturales Comunitarias con las ministra de las Culturas, las Artes y el Patrimonio, Julieta Brodsky, en el marco de su visita a la Regi\u00f3n de Coquimbo.<\/p>\n<p style=\"text-align: justify;\">En la actividad, realizada en la Biblioteca David Le\u00f3n Tapia de Tongoy, los miembros de la mesa hicieron entrega a la autoridad de una propuesta de pol\u00edtica cultural comunitaria, con el objetivo de aportar un insumo al proceso de creaci\u00f3n de Puntos de Cultura, nuevo programa que est\u00e1 siendo desarrollado por el Ministerio de Culturas.<\/p>\n<p style=\"text-align: justify;\">La ministra Brodsky se\u00f1al\u00f3 que \u201cmuchas de estas agrupaciones se trasladaron desde distintos puntos de la regi\u00f3n para compartir una conversaci\u00f3n conjunta y para hablar de los desaf\u00edos que tenemos en relaci\u00f3n al nuevo programa del ministerio, Puntos de Cultura. Estamos muy entusiasmadas y entusiasmados con todo lo que hicimos, fue una intensa agenda que nos permiti\u00f3 conversar con las organizaciones y conocer m\u00e1s sobre lo que se est\u00e1 realizando en la regi\u00f3n\u201d.<\/p>\n<p style=\"text-align: justify;\">Al respecto, Tania Gonz\u00e1lez, representante del Colectivo de Artes Integradas Literarias (Kail) de Los Vilos, comparti\u00f3 que \u201cla propuesta entregada a la ministra se ha trabajado desde 2017 y cuenta con metodolog\u00edas adecuadas, con la asesor\u00eda de grandes profesionales de la regi\u00f3n en el \u00e1rea de la gesti\u00f3n, y con esto destaco tambi\u00e9n el componente territorial que gu\u00eda nuestra labor como Mesa Regional de Organizaciones Culturales Comunitarias\u201d.<\/p>\n<p style=\"text-align: justify;\">Por su parte, Manuel Zambra, presidente de la Agrupaci\u00f3n David Le\u00f3n Tapia de Tongoy, coment\u00f3 que reunirse con la ministra \u201cfue un privilegio, porque estamos totalmente orgullosos que alguien de nuestra tierra est\u00e9 ocupando un cargo tan importante; es una mujer que se identifica totalmente con Tongoy, hizo parte de su educaci\u00f3n ac\u00e1, fue compa\u00f1era de muchos de nuestros hijos, por lo que fue muy emotivo\u201d. Tras esta cita, la agrupaci\u00f3n sell\u00f3 de manera oficial su ingreso a la Mesa Regional de Organizaciones Culturales Comunitarias.<\/p>\n<p style=\"text-align: justify;\"><strong>Reencuentro presencial <\/strong><\/p>\n<p style=\"text-align: justify;\">Adem\u00e1s, a ra\u00edz del proyecto asociativo \u201c(Re) Encontrarse: Fortaleciendo a la Mesa Regional OCC Coquimbo\u201d, desarrollado por el programa Red Cultura de la Seremi de las Culturas, las Artes y el Patrimonio, la Mesa Regional de Organizaciones Culturales Comunitarias de la regi\u00f3n volvi\u00f3 a reunirse presencialmente tras dos a\u00f1os de distancia debido a la pandemia.<\/p>\n<p style=\"text-align: justify;\">El emotivo encuentro, desarrollado en la localidad de El Molle (Vicu\u00f1a), consisti\u00f3 en diversas actividades, como un \u201ctendedero social\u201d, en el que se recopil\u00f3 los valores y conceptos que las organizaciones relacionaron con su labor, una din\u00e1mica de levantamiento de informaci\u00f3n y preguntas para conocer el estado actual de las agrupaciones y, finalmente, una serie de presentaciones en las que cada una pudo compartir c\u00f3mo adecuaron su quehacer durante la pandemia, su trabajo con plataformas digitales y los desaf\u00edos venideros.<\/p>\n","protected":false},"excerpt":{"rendered":"<p>AUDIO : Julieta Brodsky &#8211; Ministra de las Culturas El trabajo de la Mesa Regional, a trav\u00e9s del Programa Red Cultura, y los desaf\u00edos futuros sobre pol\u00edticas comunitarias, fueron parte de los temas tratados en la cita que tuvo lugar en la localidad de Tongoy. Un encuentro para conocerse en<\/p>\n","protected":false},"author":1,"featured_media":1675,"comment_status":"closed","ping_status":"open","sticky":false,"template":"","format":"standard","meta":{"footnotes":""},"categories":[1],"tags":[],"class_list":["post-1674","post","type-post","status-publish","format-standard","has-post-thumbnail","hentry","category-noticias-regionales"],"_links":{"self":[{"href":"https:\/\/minutaregional.cl\/index.php?rest_route=\/wp\/v2\/posts\/1674","targetHints":{"allow":["GET"]}}],"collection":[{"href":"https:\/\/minutaregional.cl\/index.php?rest_route=\/wp\/v2\/posts"}],"about":[{"href":"https:\/\/minutaregional.cl\/index.php?rest_route=\/wp\/v2\/types\/post"}],"author":[{"embeddable":true,"href":"https:\/\/minutaregional.cl\/index.php?rest_route=\/wp\/v2\/users\/1"}],"replies":[{"embeddable":true,"href":"https:\/\/minutaregional.cl\/index.php?rest_route=%2Fwp%2Fv2%2Fcomments&post=1674"}],"version-history":[{"count":1,"href":"https:\/\/minutaregional.cl\/index.php?rest_route=\/wp\/v2\/posts\/1674\/revisions"}],"predecessor-version":[{"id":1677,"href":"https:\/\/minutaregional.cl\/index.php?rest_route=\/wp\/v2\/posts\/1674\/revisions\/1677"}],"wp:featuredmedia":[{"embeddable":true,"href":"https:\/\/minutaregional.cl\/index.php?rest_route=\/wp\/v2\/media\/1675"}],"wp:attachment":[{"href":"https:\/\/minutaregional.cl\/index.php?rest_route=%2Fwp%2Fv2%2Fmedia&parent=1674"}],"wp:term":[{"taxonomy":"category","embeddable":true,"href":"https:\/\/minutaregional.cl\/index.php?rest_route=%2Fwp%2Fv2%2Fcategories&post=1674"},{"taxonomy":"post_tag","embeddable":true,"href":"https:\/\/minutaregional.cl\/index.php?rest_route=%2Fwp%2Fv2%2Ftags&post=1674"}],"curies":[{"name":"wp","href":"https:\/\/api.w.org\/{rel}","templated":true}]}}