{"id":1665,"date":"2022-09-07T14:07:28","date_gmt":"2022-09-07T14:07:28","guid":{"rendered":"https:\/\/minutaregional.cl\/?p=1665"},"modified":"2022-09-07T14:07:28","modified_gmt":"2022-09-07T14:07:28","slug":"la-municipalidad-de-illapel-instalo-en-la-concurrida-plaza-de-abastos-el-sexto-punto-limpio-para-comuna","status":"publish","type":"post","link":"https:\/\/minutaregional.cl\/?p=1665","title":{"rendered":"LA MUNICIPALIDAD DE ILLAPEL INSTAL\u00d3 EN LA CONCURRIDA  PLAZA DE ABASTOS EL SEXTO PUNTO LIMPIO PARA COMUNA"},"content":{"rendered":"<p>El alcalde de Illapel, Denis Cort\u00e9s Aguilera, junto a miembros de concejo municipal participaron en la ceremonia de la instalaci\u00f3n de un punto limpio de reciclaje a las afueras de Plaza de Abastos, el cual se suma a los cinco puntos ya instalados en la comuna, con el prop\u00f3sito de generar actitudes ecol\u00f3gicas en los vecinos.<\/p>\n<p>Esta actividad cont\u00f3 con la participaci\u00f3n de ni\u00f1os pertenecientes a jardines infantiles y escuelas, quienes asistieron a la inauguraci\u00f3n del punto limpio que cuenta con contenedores para residuos de aceite, vidrios, materiales electr\u00f3nicos y caseros, pl\u00e1sticos, latas, metales, papeles y cartones, adem\u00e1s de residuos peligrosos como pilas y bater\u00edas, reciclando as\u00ed de forma segura y amigable con el entorno. Durante el encuentro se realiz\u00f3 una capacitaci\u00f3n para los asistentes que llevaron art\u00edculos para disponer en los diferentes contenedores, aprendiendo as\u00ed el modo correcto de introducir los residuos siendo conscientes de las 3R, reducir, reciclar y reutilizar.<\/p>\n<p>La instalaci\u00f3n de este punto para el reciclaje se suma a la diferentes iniciativas de car\u00e1cter medioambiental comandadas por la actual administraci\u00f3n municipal, donde se han instalado puntos limpios en el sector de El Pol\u00edgono, La Aguada, El Cobre, Gimnasio Polideportivo Municipal y Villa San Rafael de Rozas. Sum\u00e1ndose la limpieza de ciertos puntos de la ciudad con el fin de mantener la limpieza y generar aprendizajes sobre esta tem\u00e1tica, educando tanto a grandes como peque\u00f1os en la importancia del cuidado al planeta tierra.<\/p>\n<p>&nbsp;<\/p>\n<p>El jefe municipal, Denis Cort\u00e9s Aguilera, mostr\u00f3 su entusiasmo por este avance, tanto en la propuesta de la instalaci\u00f3n de los Puntos Limpios para el beneficio de la comunidad como en el cambio de h\u00e1bitos de los vecinos, se\u00f1alando que \u201ccreo que Illapel de a poquito se est\u00e1 transformando en una comuna que cuida y protege el medioambiente, donde tenemos un plan de trabajo que desarrolla nuestro Departamento de Medio Ambiente, tenemos adem\u00e1s, de a poquito, ordenanzas que van colaborando en esto, tenemos la unidad de fiscalizaci\u00f3n que nos ayuda tambi\u00e9n en el caso de ver algunos casos de botaderos de escombros o de basura ilegal\u201d.<\/p>\n<p>Por su parte, las educadoras de p\u00e1rvulos que asistieron junto con sus alumnos, hicieron hincapi\u00e9 en la importancia de comenzar con la educaci\u00f3n sobre el cuidado del entorno natural a temprana edad, destacando que \u201cesto es suma importancia para los ni\u00f1os, porque son ellos que generan cambios en sus hogares, son ellos los que pueden intervenir en sus familias y pedirle a la mam\u00e1 que guarde la caja, que no bote la botella porque la puede reciclar, as\u00ed que yo creo que con ellos estamos ganando un punto muy importante para cuidar nuestro planeta\u201d.<\/p>\n","protected":false},"excerpt":{"rendered":"<p>El alcalde de Illapel, Denis Cort\u00e9s Aguilera, junto a miembros de concejo municipal participaron en la ceremonia de la instalaci\u00f3n de un punto limpio de reciclaje a las afueras de Plaza de Abastos, el cual se suma a los cinco puntos ya instalados en la comuna, con el prop\u00f3sito de<\/p>\n","protected":false},"author":1,"featured_media":1666,"comment_status":"closed","ping_status":"open","sticky":false,"template":"","format":"standard","meta":{"footnotes":""},"categories":[22],"tags":[],"class_list":["post-1665","post","type-post","status-publish","format-standard","has-post-thumbnail","hentry","category-muni-illapel"],"_links":{"self":[{"href":"https:\/\/minutaregional.cl\/index.php?rest_route=\/wp\/v2\/posts\/1665","targetHints":{"allow":["GET"]}}],"collection":[{"href":"https:\/\/minutaregional.cl\/index.php?rest_route=\/wp\/v2\/posts"}],"about":[{"href":"https:\/\/minutaregional.cl\/index.php?rest_route=\/wp\/v2\/types\/post"}],"author":[{"embeddable":true,"href":"https:\/\/minutaregional.cl\/index.php?rest_route=\/wp\/v2\/users\/1"}],"replies":[{"embeddable":true,"href":"https:\/\/minutaregional.cl\/index.php?rest_route=%2Fwp%2Fv2%2Fcomments&post=1665"}],"version-history":[{"count":1,"href":"https:\/\/minutaregional.cl\/index.php?rest_route=\/wp\/v2\/posts\/1665\/revisions"}],"predecessor-version":[{"id":1667,"href":"https:\/\/minutaregional.cl\/index.php?rest_route=\/wp\/v2\/posts\/1665\/revisions\/1667"}],"wp:featuredmedia":[{"embeddable":true,"href":"https:\/\/minutaregional.cl\/index.php?rest_route=\/wp\/v2\/media\/1666"}],"wp:attachment":[{"href":"https:\/\/minutaregional.cl\/index.php?rest_route=%2Fwp%2Fv2%2Fmedia&parent=1665"}],"wp:term":[{"taxonomy":"category","embeddable":true,"href":"https:\/\/minutaregional.cl\/index.php?rest_route=%2Fwp%2Fv2%2Fcategories&post=1665"},{"taxonomy":"post_tag","embeddable":true,"href":"https:\/\/minutaregional.cl\/index.php?rest_route=%2Fwp%2Fv2%2Ftags&post=1665"}],"curies":[{"name":"wp","href":"https:\/\/api.w.org\/{rel}","templated":true}]}}