{"id":1659,"date":"2022-09-06T21:56:23","date_gmt":"2022-09-06T21:56:23","guid":{"rendered":"https:\/\/minutaregional.cl\/?p=1659"},"modified":"2022-09-06T21:56:23","modified_gmt":"2022-09-06T21:56:23","slug":"diputado-manouchehri-el-ajuste-de-gabinete-sera-un-impulso-para-los-cambios-que-chile-espera","status":"publish","type":"post","link":"https:\/\/minutaregional.cl\/?p=1659","title":{"rendered":"Diputado Manouchehri: \u201cEl ajuste de gabinete ser\u00e1 un impulso para los cambios que Chile espera\u201d"},"content":{"rendered":"<p>El gobierno de Gabriel Boric realiz\u00f3 un cambio de gabinete, donde efectu\u00f3 modificaciones en 6 jefaturas ministeriales. Carolina Toh\u00e1 (PPD) asumi\u00f3 como ministra del Interior, Ximena Aguilera (Ind) en el Ministerio de Salud, Diego Pardow (CS) en Energ\u00eda, Silvia D\u00edaz (Ind-PPD) en Ciencias, Ana Lya Uriarte (PS) en la Secretar\u00eda General de la Presidencia (Segpres) y Giorgio Jackson (RD) pas\u00f3 de la Segpres al Ministerio de Desarrollo Social.<\/p>\n<p>El diputado socialista Daniel Manouchehri aprob\u00f3 el ajuste ministerial, indicando que los nuevos integrantes del gabinete tienen el respaldo de la Bancada. \u201cEl gobierno inicia una nueva etapa con nuevos nombres que permitir\u00e1n dar un impulso a los cambios que Chile espera. Si le va bien al gobierno le va bien a nuestro pa\u00eds. Es por eso que todos estos ministros cuentan con todo nuestro respaldo en el trabajo que desarrollen\u201d, se\u00f1al\u00f3.<\/p>\n<p>Asimismo, el diputado por la Regi\u00f3n de Coquimbo destac\u00f3 la llegada de Toh\u00e1 al Ministerio del Interior. \u201cQueremos saludar en especial el nombramiento de Carolina Toh\u00e1, una mujer seria, preparada, que conoce bien c\u00f3mo se gobierna y que sin duda alguna ser\u00e1 un tremendo impulso en materias de seguridad y para llevar a cabo la agenda del presidente Gabriel Boric que tanto esperan los chilenos\u201d, apunt\u00f3.<\/p>\n","protected":false},"excerpt":{"rendered":"<p>El gobierno de Gabriel Boric realiz\u00f3 un cambio de gabinete, donde efectu\u00f3 modificaciones en 6 jefaturas ministeriales. Carolina Toh\u00e1 (PPD) asumi\u00f3 como ministra del Interior, Ximena Aguilera (Ind) en el Ministerio de Salud, Diego Pardow (CS) en Energ\u00eda, Silvia D\u00edaz (Ind-PPD) en Ciencias, Ana Lya Uriarte (PS) en la Secretar\u00eda<\/p>\n","protected":false},"author":1,"featured_media":1660,"comment_status":"closed","ping_status":"open","sticky":false,"template":"","format":"standard","meta":{"footnotes":""},"categories":[26],"tags":[],"class_list":["post-1659","post","type-post","status-publish","format-standard","has-post-thumbnail","hentry","category-camara-de-diputadas-y-diputados"],"_links":{"self":[{"href":"https:\/\/minutaregional.cl\/index.php?rest_route=\/wp\/v2\/posts\/1659","targetHints":{"allow":["GET"]}}],"collection":[{"href":"https:\/\/minutaregional.cl\/index.php?rest_route=\/wp\/v2\/posts"}],"about":[{"href":"https:\/\/minutaregional.cl\/index.php?rest_route=\/wp\/v2\/types\/post"}],"author":[{"embeddable":true,"href":"https:\/\/minutaregional.cl\/index.php?rest_route=\/wp\/v2\/users\/1"}],"replies":[{"embeddable":true,"href":"https:\/\/minutaregional.cl\/index.php?rest_route=%2Fwp%2Fv2%2Fcomments&post=1659"}],"version-history":[{"count":1,"href":"https:\/\/minutaregional.cl\/index.php?rest_route=\/wp\/v2\/posts\/1659\/revisions"}],"predecessor-version":[{"id":1661,"href":"https:\/\/minutaregional.cl\/index.php?rest_route=\/wp\/v2\/posts\/1659\/revisions\/1661"}],"wp:featuredmedia":[{"embeddable":true,"href":"https:\/\/minutaregional.cl\/index.php?rest_route=\/wp\/v2\/media\/1660"}],"wp:attachment":[{"href":"https:\/\/minutaregional.cl\/index.php?rest_route=%2Fwp%2Fv2%2Fmedia&parent=1659"}],"wp:term":[{"taxonomy":"category","embeddable":true,"href":"https:\/\/minutaregional.cl\/index.php?rest_route=%2Fwp%2Fv2%2Fcategories&post=1659"},{"taxonomy":"post_tag","embeddable":true,"href":"https:\/\/minutaregional.cl\/index.php?rest_route=%2Fwp%2Fv2%2Ftags&post=1659"}],"curies":[{"name":"wp","href":"https:\/\/api.w.org\/{rel}","templated":true}]}}