{"id":1651,"date":"2022-09-06T14:14:13","date_gmt":"2022-09-06T14:14:13","guid":{"rendered":"https:\/\/minutaregional.cl\/?p=1651"},"modified":"2022-09-06T14:14:13","modified_gmt":"2022-09-06T14:14:13","slug":"judo-regional-definio-representantes-para-la-final-nacional-de-los-juegos-escolares","status":"publish","type":"post","link":"https:\/\/minutaregional.cl\/?p=1651","title":{"rendered":"Judo Regional Defini\u00f3 Representantes para la Final Nacional de los Juegos Escolares"},"content":{"rendered":"<ul>\n<li class=\"yiv0863225942gmail-MsoNoSpacing\"><b><i>La disciplina \u00a0realiz\u00f3 la competencia donde se eligieron\u00a0a los deportistas que representar\u00e1n a la regi\u00f3n\u00a0 de Coquimbo, doce \u00a0ser\u00e1n los \u00a0judocas\u00a0 regionales en el gran evento nacional, a realizarse entre el 3 y el 9 de octubre pr\u00f3ximo en la regi\u00f3n de la Araucan\u00eda.<\/i><\/b><\/li>\n<\/ul>\n<p class=\"yiv0863225942gmail-MsoNoSpacing\" style=\"text-align: justify;\">En el Gimnasio Dos\u00a0 del\u00a0 Cendyr\u00a0 de\u00a0 La Serena, se realiz\u00f3 la Final Regional de los Juegos Deportivos Escolares, en el torneo participaron cuarenta \u00a0deportistas damas y varones, \u00a0\u00a0de la categor\u00eda Sub 14 la \u00a0seleccionados, la que estar\u00e1 conformada, en damas por las judoca: Catalina Orta (Cat. -40 Kg.) Colegio\u00a0 Altazor de Coquimbo; \u00a0Violeta Parra (Cat. -48 kg.)Colegio \u00a0Gregorio Cordob\u00e9s\u00a0 de La Serena; Arianni Silva (Cat. -53 Kg.) Colegio\u00a0 H\u00e9roes de la Concepci\u00f3n, La Serena; Javiera Valdez (Cat. -58 Kg.) Colegio San Viator Ovalle; Carolina Ortiz (Cat. -64 Kg.); Colegio Mar\u00eda Educa La Serena; Victoria Araya (Cat +64 kg.) del Colegio Christ School La Serena.<\/p>\n<p class=\"yiv0863225942gmail-MsoNoSpacing\" style=\"text-align: justify;\">En varones, \u00a0la misi\u00f3n regional estar\u00e1 conformada por los judocas: Ignacio Alfaro (Cat \u2013 40 Kg.) Colegio Gabriela Mistral Coquimbo; Maximiliano Zepeda (Cat. -44 Kg.)Colegio Santo\u00a0 Tom\u00e1s La Serena;\u00a0 Reihs Rojano\u00a0 (Cat, -48 Kg.) Escuela Coquimbo de Coquimbo;\u00a0 Sebasti\u00e1n Darat (Cat, -58) Colegio\u00a0 Monteverdi; Agust\u00edn Mu\u00f1oz (Cat. +64) Colegio Carlos Condell\u00a0 de La Higuera. \u201c<b><i>He trabajado mucho con\u00a0 mi Sensei\u00a0 Cyndi y con el Sensei Sebita, que de verdad los admiro mucho,\u00a0 porque me han entregado bastante entrenamiento y\u00a0 ense\u00f1anzas\u00a0 sobre la\u00a0 disciplina\u201d<\/i><\/b>, as\u00ed los se\u00f1ala el\u00a0 Judoca Sub 14 Reihj Rojano,\u00a0 seleccionado de la\u00a0 Escuela Coquimbo.<\/p>\n<p class=\"yiv0863225942gmail-MsoNoSpacing\" style=\"text-align: justify;\">\u00a0 \u00a0 \u00a0 \u00a0 \u00a0La t\u00e9cnico Camila Arancibia, participante en el selectivo, \u00a0se mostr\u00f3 satisfecha que cinco de sus deportistas, usuarios\u00a0 del taller\u00a0 de Judo del Programa Crecer en Movimiento (CEM), hayan\u00a0 clasificado y se\u00f1al\u00f3: \u00a0<i><b>\u201cPara nosotros fue un gran logro que varios chicos, \u00a0que son parte de los talleres de iniciaci\u00f3n y de especializaci\u00f3n deportiva, hayan podido clasificar en este selectivo \u00a0de los Juegos Escolares, \u00a0con el fin de representar\u00a0 en esta disciplina, \u00a0que es una disciplina hermosa y \u00a0que se est\u00e1 impartiendo, \u00a0por m\u00e1s de seis a\u00f1os ac\u00e1 en el IND, es un gran logro que los chicos, \u00a0pudieran destacarse en su presentaci\u00f3n\u201d<\/b><\/i>, destac\u00f3 la experimentada Sensei regional.<\/p>\n<p class=\"yiv0863225942gmail-MsoNoSpacing\" style=\"text-align: justify;\">Para el Seremi del Deporte Fernando Medina Vergara,\u00a0<b><i>\u201cesta es un nueva oportunidad\u00a0 para el deporte, especialmente el deporte escolar,\u00a0 de mostrar los avances,\u00a0 que en este \u00faltimo tiempo de manera presencial\u00a0 han alcanzado, que a pesar de la pandemia, ellos no dejaron de trabajar y estos Juegos Deportivos Escolares, son\u00a0 un incentivo m\u00e1s, para seguir y destacar, felicitaciones a quienes alcanzaron podio y \u00e9xito en el torneo nacional\u201d<\/i><\/b>. Tambi\u00e9n,\u00a0 para el Director Regional del IND Jonathan Pino Naranjo,<b><i>\u00a0\u201clos juegos que se realizar\u00e1n, \u00a0en el mes de octubre, \u00a0en la regi\u00f3n de la Araucan\u00eda, ser\u00e1n\u00a0 una gran\u00a0 instancia de participaci\u00f3n,\u00a0 para nuestros judocas escolares, que de seguro ser\u00e1n una\u00a0 gran experiencia deportiva\u201d.\u00a0\u00a0<\/i><\/b><\/p>\n","protected":false},"excerpt":{"rendered":"<p>La disciplina \u00a0realiz\u00f3 la competencia donde se eligieron\u00a0a los deportistas que representar\u00e1n a la regi\u00f3n\u00a0 de Coquimbo, doce \u00a0ser\u00e1n los \u00a0judocas\u00a0 regionales en el gran evento nacional, a realizarse entre el 3 y el 9 de octubre pr\u00f3ximo en la regi\u00f3n de la Araucan\u00eda. En el Gimnasio Dos\u00a0 del\u00a0 Cendyr\u00a0<\/p>\n","protected":false},"author":1,"featured_media":1654,"comment_status":"closed","ping_status":"open","sticky":false,"template":"","format":"standard","meta":{"footnotes":""},"categories":[37],"tags":[],"class_list":["post-1651","post","type-post","status-publish","format-standard","has-post-thumbnail","hentry","category-ind-coquimbo"],"_links":{"self":[{"href":"https:\/\/minutaregional.cl\/index.php?rest_route=\/wp\/v2\/posts\/1651","targetHints":{"allow":["GET"]}}],"collection":[{"href":"https:\/\/minutaregional.cl\/index.php?rest_route=\/wp\/v2\/posts"}],"about":[{"href":"https:\/\/minutaregional.cl\/index.php?rest_route=\/wp\/v2\/types\/post"}],"author":[{"embeddable":true,"href":"https:\/\/minutaregional.cl\/index.php?rest_route=\/wp\/v2\/users\/1"}],"replies":[{"embeddable":true,"href":"https:\/\/minutaregional.cl\/index.php?rest_route=%2Fwp%2Fv2%2Fcomments&post=1651"}],"version-history":[{"count":1,"href":"https:\/\/minutaregional.cl\/index.php?rest_route=\/wp\/v2\/posts\/1651\/revisions"}],"predecessor-version":[{"id":1655,"href":"https:\/\/minutaregional.cl\/index.php?rest_route=\/wp\/v2\/posts\/1651\/revisions\/1655"}],"wp:featuredmedia":[{"embeddable":true,"href":"https:\/\/minutaregional.cl\/index.php?rest_route=\/wp\/v2\/media\/1654"}],"wp:attachment":[{"href":"https:\/\/minutaregional.cl\/index.php?rest_route=%2Fwp%2Fv2%2Fmedia&parent=1651"}],"wp:term":[{"taxonomy":"category","embeddable":true,"href":"https:\/\/minutaregional.cl\/index.php?rest_route=%2Fwp%2Fv2%2Fcategories&post=1651"},{"taxonomy":"post_tag","embeddable":true,"href":"https:\/\/minutaregional.cl\/index.php?rest_route=%2Fwp%2Fv2%2Ftags&post=1651"}],"curies":[{"name":"wp","href":"https:\/\/api.w.org\/{rel}","templated":true}]}}