{"id":1647,"date":"2022-09-06T13:55:24","date_gmt":"2022-09-06T13:55:24","guid":{"rendered":"https:\/\/minutaregional.cl\/?p=1647"},"modified":"2022-09-06T13:55:24","modified_gmt":"2022-09-06T13:55:24","slug":"las-fiestas-patrias-en-illapel-comenzaron-con-un-acto-en-su-plaza-de-armas-dando-a-conocer-el-cronograma-de-actividades","status":"publish","type":"post","link":"https:\/\/minutaregional.cl\/?p=1647","title":{"rendered":"LAS FIESTAS PATRIAS EN ILLAPEL COMENZARON CON UN ACTO EN SU PLAZA DE ARMAS DANDO A CONOCER EL CRONOGRAMA DE ACTIVIDADES"},"content":{"rendered":"<audio class=\"wp-audio-shortcode\" id=\"audio-1647-1\" preload=\"none\" style=\"width: 100%;\" controls=\"controls\"><source type=\"audio\/mpeg\" src=\"https:\/\/minutaregional.cl\/wp-content\/uploads\/2022\/09\/cuna-alcalde.mp3?_=1\" \/><a href=\"https:\/\/minutaregional.cl\/wp-content\/uploads\/2022\/09\/cuna-alcalde.mp3\">https:\/\/minutaregional.cl\/wp-content\/uploads\/2022\/09\/cuna-alcalde.mp3<\/a><\/audio>\n<p>AUDIO : <span lang=\"es\" style=\"font-size: 12.0pt; line-height: 150%;\">El alcalde de Illapel, Denis Cort\u00e9s Aguilera<\/span><\/p>\n<p class=\"normal\" style=\"text-align: justify; line-height: 150%;\"><span lang=\"es\" style=\"font-size: 12.0pt; line-height: 150%;\">El alcalde de Illapel, Denis Cort\u00e9s Aguilera, junto con el concejo municipal dieron comienzo al mes de septiembre, donde se le brindar\u00e1 a los ciudadanos unas fiestas patrias con actividades recreativas para todas las edades y presentaciones musicales con grandes exponentes. Con la llegada de septiembre se festeja a Chile, y en este sentido la administraci\u00f3n municipal organiz\u00f3 un acto de car\u00e1cter ceremonial para dar el pie inicial a la celebraci\u00f3n, de la misma forma presentar frente a autoridades y vecinos el cronograma de actividades que comenzar\u00e1n desde este viernes 9 hasta el d\u00eda mi\u00e9rcoles 14 de septiembre con la circulaci\u00f3n de una Fonda Comunitaria M\u00f3vil por diferentes sectores de la comuna.<\/span><\/p>\n<p class=\"normal\" style=\"text-align: justify; line-height: 150%;\"><span lang=\"es\" style=\"font-size: 12.0pt; line-height: 150%;\">\u00a0<\/span><span lang=\"es\" style=\"font-size: 12.0pt; line-height: 150%;\">Las actividades a contar del d\u00eda 15 del presente mes se realizar\u00e1n en la casa de la cultura con el encuentro de \u201cCuecas y Payas\u201d y desde el 16 de septiembre ser\u00e1 sede la Plaza de Armas de Illapel, debido a que por las medidas sanitarias relacionadas al COVID-19 no se podr\u00e1 realizar la famosa Fonda Comunitaria, la cual ser\u00e1 reemplazada por una innovadora propuesta que busca reunir a la comunidad en el epicentro de la ciudad, entreg\u00e1ndoles diversi\u00f3n propia de estas fiestas. Se tiene considerado realizar una \u201cKermesse Dieciochera\u201d que se extender\u00e1 hasta el domingo 18 de septiembre, d\u00eda en el que se realizar\u00e1 el tradicional desfile. La m\u00e1xima autoridad de la comuna, Denis Cort\u00e9s Aguilera, se mostr\u00f3 muy entusiasmado por estas actividades que tendr\u00e1 Illapel durante la festividad, se\u00f1alando que \u201ctengo confianza en que lo que tenemos preparado, va a ser una linda sorpresa, porque una cosa es mencionarlo y otra cosa es verlo implementado\u201d.<\/span><\/p>\n<p class=\"normal\" style=\"text-align: justify; line-height: 150%;\"><span lang=\"es\" style=\"font-size: 12.0pt; line-height: 150%;\">\u00a0<\/span><span lang=\"es\" style=\"font-size: 12.0pt; line-height: 150%;\">Por su parte, los vecinos se mostraron muy contentos con este calendario de actividades que se present\u00f3, por lo que algunos comentaron que \u201cme parece muy bien, porque nos da todo el programa o la informaci\u00f3n, cumple con la expectativa que uno tiene ahora, de hacer una celebraci\u00f3n despu\u00e9s de todo este asunto de la pandemia y todo eso, tener la oportunidad de esparcir un poco de entretenimiento\u201d, \u201cme encant\u00f3 el a\u00f1o pasado, estuvo bien, que fue el primer a\u00f1o que nuestro alcalde se present\u00f3 y ahora lo encuentro regio, con todas las actividades que van a haber, creo que vamos a estar muy contentos\u201d.<\/span><\/p>\n","protected":false},"excerpt":{"rendered":"<p>AUDIO : El alcalde de Illapel, Denis Cort\u00e9s Aguilera El alcalde de Illapel, Denis Cort\u00e9s Aguilera, junto con el concejo municipal dieron comienzo al mes de septiembre, donde se le brindar\u00e1 a los ciudadanos unas fiestas patrias con actividades recreativas para todas las edades y presentaciones musicales con grandes exponentes.<\/p>\n","protected":false},"author":1,"featured_media":1648,"comment_status":"closed","ping_status":"open","sticky":false,"template":"","format":"standard","meta":{"footnotes":""},"categories":[22],"tags":[],"class_list":["post-1647","post","type-post","status-publish","format-standard","has-post-thumbnail","hentry","category-muni-illapel"],"_links":{"self":[{"href":"https:\/\/minutaregional.cl\/index.php?rest_route=\/wp\/v2\/posts\/1647","targetHints":{"allow":["GET"]}}],"collection":[{"href":"https:\/\/minutaregional.cl\/index.php?rest_route=\/wp\/v2\/posts"}],"about":[{"href":"https:\/\/minutaregional.cl\/index.php?rest_route=\/wp\/v2\/types\/post"}],"author":[{"embeddable":true,"href":"https:\/\/minutaregional.cl\/index.php?rest_route=\/wp\/v2\/users\/1"}],"replies":[{"embeddable":true,"href":"https:\/\/minutaregional.cl\/index.php?rest_route=%2Fwp%2Fv2%2Fcomments&post=1647"}],"version-history":[{"count":1,"href":"https:\/\/minutaregional.cl\/index.php?rest_route=\/wp\/v2\/posts\/1647\/revisions"}],"predecessor-version":[{"id":1650,"href":"https:\/\/minutaregional.cl\/index.php?rest_route=\/wp\/v2\/posts\/1647\/revisions\/1650"}],"wp:featuredmedia":[{"embeddable":true,"href":"https:\/\/minutaregional.cl\/index.php?rest_route=\/wp\/v2\/media\/1648"}],"wp:attachment":[{"href":"https:\/\/minutaregional.cl\/index.php?rest_route=%2Fwp%2Fv2%2Fmedia&parent=1647"}],"wp:term":[{"taxonomy":"category","embeddable":true,"href":"https:\/\/minutaregional.cl\/index.php?rest_route=%2Fwp%2Fv2%2Fcategories&post=1647"},{"taxonomy":"post_tag","embeddable":true,"href":"https:\/\/minutaregional.cl\/index.php?rest_route=%2Fwp%2Fv2%2Ftags&post=1647"}],"curies":[{"name":"wp","href":"https:\/\/api.w.org\/{rel}","templated":true}]}}