{"id":1640,"date":"2022-09-05T22:18:36","date_gmt":"2022-09-05T22:18:36","guid":{"rendered":"https:\/\/minutaregional.cl\/?p=1640"},"modified":"2022-09-05T22:18:52","modified_gmt":"2022-09-05T22:18:52","slug":"ceremonia-aniversario-n85-en-escuela-clemencia-villarroel","status":"publish","type":"post","link":"https:\/\/minutaregional.cl\/?p=1640","title":{"rendered":"CEREMONIA ANIVERSARIO N\u00b085 EN ESCUELA CLEMENCIA VILLARROEL"},"content":{"rendered":"<p>Durante la semana, la Escuela Clemencia Villarroel de la localidad de C\u00e1rcamo, realiz\u00f3 diversas actividades en el marco del aniversario n\u00b085 del establecimiento.<\/p>\n<p>Bailes, concursos y la m\u00fasica del cantante de la escuela, Mart\u00edn Olme\u00f1o; de la Banda \u201cLos Clemencias\u201d y de \u201cEnrique Tropical\u201d, se vivi\u00f3 la coronaci\u00f3n de los reyes de la alianza amarilla, quienes fueron los ganadores y merecedores de tan importante galard\u00f3n.<\/p>\n<p>La comunidad educativa estuvo presente con variados stands de comida y juegos t\u00edpicos que nos hicieron la invitaci\u00f3n a comenzar con nuestras costumbres y tradiciones dieciocheras.<\/p>\n<p><strong>Visite, comparta y suscr\u00edbase al canal de noticias de YouTube y nuestro sitio web<\/strong><\/p>\n<p><strong>\u00a0<\/strong><a href=\"https:\/\/www.youtube.com\/channel\/UCKqVGapJI4lbTFpKPdsEiOg\"><strong>https:\/\/www.youtube.com\/channel\/UCKqVGapJI4lbTFpKPdsEiOg<\/strong><\/a><\/p>\n<p><strong>\u00a0<\/strong><\/p>\n<p><a href=\"http:\/\/www.daemillapel.cl\"><strong>www.daemillapel.cl<\/strong><\/a><\/p>\n<p><strong>\u00a0<\/strong><\/p>\n<p><strong>\u00a0<\/strong><\/p>\n<p><strong>DAEM ILLAPEL<\/strong><\/p>\n<p>&nbsp;<\/p>\n","protected":false},"excerpt":{"rendered":"<p>Durante la semana, la Escuela Clemencia Villarroel de la localidad de C\u00e1rcamo, realiz\u00f3 diversas actividades en el marco del aniversario n\u00b085 del establecimiento. Bailes, concursos y la m\u00fasica del cantante de la escuela, Mart\u00edn Olme\u00f1o; de la Banda \u201cLos Clemencias\u201d y de \u201cEnrique Tropical\u201d, se vivi\u00f3 la coronaci\u00f3n de los<\/p>\n","protected":false},"author":1,"featured_media":1641,"comment_status":"closed","ping_status":"open","sticky":false,"template":"","format":"standard","meta":{"footnotes":""},"categories":[22],"tags":[],"class_list":["post-1640","post","type-post","status-publish","format-standard","has-post-thumbnail","hentry","category-muni-illapel"],"_links":{"self":[{"href":"https:\/\/minutaregional.cl\/index.php?rest_route=\/wp\/v2\/posts\/1640","targetHints":{"allow":["GET"]}}],"collection":[{"href":"https:\/\/minutaregional.cl\/index.php?rest_route=\/wp\/v2\/posts"}],"about":[{"href":"https:\/\/minutaregional.cl\/index.php?rest_route=\/wp\/v2\/types\/post"}],"author":[{"embeddable":true,"href":"https:\/\/minutaregional.cl\/index.php?rest_route=\/wp\/v2\/users\/1"}],"replies":[{"embeddable":true,"href":"https:\/\/minutaregional.cl\/index.php?rest_route=%2Fwp%2Fv2%2Fcomments&post=1640"}],"version-history":[{"count":1,"href":"https:\/\/minutaregional.cl\/index.php?rest_route=\/wp\/v2\/posts\/1640\/revisions"}],"predecessor-version":[{"id":1642,"href":"https:\/\/minutaregional.cl\/index.php?rest_route=\/wp\/v2\/posts\/1640\/revisions\/1642"}],"wp:featuredmedia":[{"embeddable":true,"href":"https:\/\/minutaregional.cl\/index.php?rest_route=\/wp\/v2\/media\/1641"}],"wp:attachment":[{"href":"https:\/\/minutaregional.cl\/index.php?rest_route=%2Fwp%2Fv2%2Fmedia&parent=1640"}],"wp:term":[{"taxonomy":"category","embeddable":true,"href":"https:\/\/minutaregional.cl\/index.php?rest_route=%2Fwp%2Fv2%2Fcategories&post=1640"},{"taxonomy":"post_tag","embeddable":true,"href":"https:\/\/minutaregional.cl\/index.php?rest_route=%2Fwp%2Fv2%2Ftags&post=1640"}],"curies":[{"name":"wp","href":"https:\/\/api.w.org\/{rel}","templated":true}]}}