{"id":1631,"date":"2022-09-04T21:38:15","date_gmt":"2022-09-04T21:38:15","guid":{"rendered":"https:\/\/minutaregional.cl\/?p=1631"},"modified":"2022-09-04T21:38:15","modified_gmt":"2022-09-04T21:38:15","slug":"diputado-manouchehri-por-plebiscito-la-gente-tiene-esperanzas-de-cambios-sociales","status":"publish","type":"post","link":"https:\/\/minutaregional.cl\/?p=1631","title":{"rendered":"Diputado Manouchehri por plebiscito: \u201cLa gente tiene esperanzas de cambios sociales\u201d"},"content":{"rendered":"<p>Iniciando la jornada electoral por el Plebiscito Constitucional de salida, el diputado socialista Daniel Manouchehri se dirigi\u00f3 a la Escuela Mario Mu\u00f1oz Silva de Coquimbo para ejercer su voto.<\/p>\n<p>El legislador por la Regi\u00f3n de Coquimbo, a la salida de su votaci\u00f3n, expres\u00f3 que \u201cChile est\u00e1 haciendo historia. De manera democr\u00e1tica est\u00e1 dirimiendo su futuro. En Chile los cambios se hacen con democracia y no con violencia. La gente tiene esperanzas de profundos cambios sociales\u201d.<\/p>\n<p>\u201cEsta ser\u00e1 la elecci\u00f3n m\u00e1s participativa de nuestra historia, y eso a los dem\u00f3cratas nos llena de alegr\u00eda\u201d, destac\u00f3 Manouchehri.<\/p>\n<p>En esa l\u00ednea, el diputado del PS llam\u00f3 a la unidad nacional independiente del resultado de esta jornada. \u201cGane el Apruebo o el Rechazo, ma\u00f1ana vamos a requerir di\u00e1logo y unidad para afrontar los desaf\u00edos que nos impondr\u00e1 el resultado de esta elecci\u00f3n\u201d, apunt\u00f3.<\/p>\n<p>Durante la ma\u00f1ana el diputado Manouchehri acompa\u00f1\u00f3 al alcalde de Coquimbo, Al\u00ed Manouchehri, a su votaci\u00f3n en el sector de La Herradura. Posteriormente se dirigi\u00f3 al Estadio La Portada de La Serena, donde acompa\u00f1\u00f3 a la presidenta del PS Paulina Vodanovic a emitir su voto.<\/p>\n<p>Finalmente, consultado por la participaci\u00f3n ciudadana de este plebiscito, el parlamentario inst\u00f3 a que la gente pueda asistir a las urnas. \u201cEl voto es muy r\u00e1pido. No es como en otras elecciones que hay que esperar mucho rato. La gente entra a la urna, est\u00e1 unos 30 segundos y sabe la preferencia que va a marcar. Por lo cual el llamado es a participar, acudir a los locales de votaci\u00f3n y hacerlo con la tranquilidad y convicci\u00f3n de que estamos haciendo historia\u201d, recalc\u00f3.<\/p>\n","protected":false},"excerpt":{"rendered":"<p>Iniciando la jornada electoral por el Plebiscito Constitucional de salida, el diputado socialista Daniel Manouchehri se dirigi\u00f3 a la Escuela Mario Mu\u00f1oz Silva de Coquimbo para ejercer su voto. El legislador por la Regi\u00f3n de Coquimbo, a la salida de su votaci\u00f3n, expres\u00f3 que \u201cChile est\u00e1 haciendo historia. De manera<\/p>\n","protected":false},"author":1,"featured_media":1632,"comment_status":"closed","ping_status":"open","sticky":false,"template":"","format":"standard","meta":{"footnotes":""},"categories":[26],"tags":[],"class_list":["post-1631","post","type-post","status-publish","format-standard","has-post-thumbnail","hentry","category-camara-de-diputadas-y-diputados"],"_links":{"self":[{"href":"https:\/\/minutaregional.cl\/index.php?rest_route=\/wp\/v2\/posts\/1631","targetHints":{"allow":["GET"]}}],"collection":[{"href":"https:\/\/minutaregional.cl\/index.php?rest_route=\/wp\/v2\/posts"}],"about":[{"href":"https:\/\/minutaregional.cl\/index.php?rest_route=\/wp\/v2\/types\/post"}],"author":[{"embeddable":true,"href":"https:\/\/minutaregional.cl\/index.php?rest_route=\/wp\/v2\/users\/1"}],"replies":[{"embeddable":true,"href":"https:\/\/minutaregional.cl\/index.php?rest_route=%2Fwp%2Fv2%2Fcomments&post=1631"}],"version-history":[{"count":1,"href":"https:\/\/minutaregional.cl\/index.php?rest_route=\/wp\/v2\/posts\/1631\/revisions"}],"predecessor-version":[{"id":1633,"href":"https:\/\/minutaregional.cl\/index.php?rest_route=\/wp\/v2\/posts\/1631\/revisions\/1633"}],"wp:featuredmedia":[{"embeddable":true,"href":"https:\/\/minutaregional.cl\/index.php?rest_route=\/wp\/v2\/media\/1632"}],"wp:attachment":[{"href":"https:\/\/minutaregional.cl\/index.php?rest_route=%2Fwp%2Fv2%2Fmedia&parent=1631"}],"wp:term":[{"taxonomy":"category","embeddable":true,"href":"https:\/\/minutaregional.cl\/index.php?rest_route=%2Fwp%2Fv2%2Fcategories&post=1631"},{"taxonomy":"post_tag","embeddable":true,"href":"https:\/\/minutaregional.cl\/index.php?rest_route=%2Fwp%2Fv2%2Ftags&post=1631"}],"curies":[{"name":"wp","href":"https:\/\/api.w.org\/{rel}","templated":true}]}}