{"id":1623,"date":"2022-09-02T23:48:38","date_gmt":"2022-09-02T23:48:38","guid":{"rendered":"https:\/\/minutaregional.cl\/?p=1623"},"modified":"2022-09-02T23:48:38","modified_gmt":"2022-09-02T23:48:38","slug":"ministro-de-educacion-sobre-deuda-historica-esperamos-finalmente-cerrar-esta-cicatriz-de-nuestro-sistema-educativo","status":"publish","type":"post","link":"https:\/\/minutaregional.cl\/?p=1623","title":{"rendered":"Ministro de Educaci\u00f3n sobre Deuda Hist\u00f3rica: \u201cEsperamos finalmente cerrar esta cicatriz de nuestro sistema educativo\u201d"},"content":{"rendered":"<ul>\n<li style=\"text-align: justify;\">El ministro se reuni\u00f3 con docentes que fueron traspasados a los municipios en la d\u00e9cada del \u00b480 para informar sobre la apertura de una plataforma que permitir\u00e1 contar con un listado m\u00e1s completo de las y los docentes que fueron afectados.<\/li>\n<\/ul>\n<p style=\"text-align: justify;\"><strong>Septiembre 2022.-<\/strong> El ministro de Educaci\u00f3n, Marco Antonio \u00c1vila; el subsecretario de Educaci\u00f3n, Nicol\u00e1s Cataldo; y el presidente del Colegio de Profesores, Carlos D\u00edaz, presentaron este jueves la plataforma web que permitir\u00e1 que las y los docentes perjudicados con la denominada Deuda Hist\u00f3rica revisen si se encuentran en la n\u00f3mina de docentes traspasados entre 1980 y 1987, la cual fue elaborada por el Ministerio de Educaci\u00f3n entre los a\u00f1os 2016-2017. Esto con el objetivo de avanzar en el compromiso del gobierno de presentar un proyecto de ley de reparaci\u00f3n.<\/p>\n<p style=\"text-align: justify;\">Se le denomina Deuda Hist\u00f3rica al perjuicio salarial que sufrieron miles de profesoras y profesores de escuelas p\u00fablicas durante la dictadura, cuando la administraci\u00f3n de los establecimientos fue traspasada desde el Estado a las municipalidades, lo que impidi\u00f3 que los profesionales recibieran el reajuste salarial que estaba contemplado en el Decreto Ley N\u00b0 3.551 (Art\u00edculo 40), pues este fue desconocido por sus nuevos empleadores. Esto hizo que vieran mermados sus salarios, por lo que en las \u00faltimas cuatro d\u00e9cadas miles de docentes han exigido la reparaci\u00f3n de esta deuda.<\/p>\n<p style=\"text-align: justify;\">El Presidente Gabriel Boric asumi\u00f3 el compromiso de avanzar en la reparaci\u00f3n y es por eso que el Ministerio de Educaci\u00f3n habilit\u00f3 la plataforma <a href=\"https:\/\/registrodocentestraspasados.mineduc.cl\/\">https:\/\/registrodocentestraspasados.mineduc.cl\/<\/a> , que permitir\u00e1 que las y los docentes afectados revisen con su RUT y su Clave \u00danica si son parte del listado de cerca de 76 mil profesores que posee el ministerio, y si no aparecen, poder solicitar su inclusi\u00f3n.<\/p>\n<p style=\"text-align: justify;\">El <strong>ministro Marco Antonio \u00c1vila<\/strong> destac\u00f3 que \u201ctenemos un firme compromiso de trabajar conjuntamente con el Colegio de Profesores para buscar la mejor soluci\u00f3n y avanzar en este proceso reparatorio\u201d, a\u00f1adiendo que \u201c<strong>esta fractura que tenemos como sociedad representa de manera muy clara cu\u00e1les fueron las pol\u00edticas educativas de la dictadura militar<\/strong> y lo que se intent\u00f3 hacer con nuestro sistema educativo, que tanto nos cost\u00f3 como pa\u00eds construir durante el siglo XX. (En este periodo) podemos presenciar c\u00f3mo el Estado se alej\u00f3 de los centros educativos y tambi\u00e9n, finalmente, termin\u00f3 desconfiando de nosotros, los profesores y profesoras\u201d.<\/p>\n<p style=\"text-align: justify;\">\u201cEsperamos, antes de que termine este a\u00f1o, poder presentar un proyecto de ley al Congreso Nacional que nos permita efectivamente dar respuesta a esta necesidad y finalmente poder cerrar esta cicatriz en nuestro sistema educativo\u201d, enfatiz\u00f3 el ministro. \u201cLleg\u00f3 el tiempo de ofrecer una reparaci\u00f3n desde el Estado que implique no solo el reconocimiento, no solo los recursos econ\u00f3micos, sino el poder entre todos y todas, volver a poner en valor la profesi\u00f3n que nosotros desarrollamos y que es fundamental para el crecimiento del pa\u00eds\u201d, finaliz\u00f3.<\/p>\n<p style=\"text-align: justify;\">\u201cEste es un primer paso muy significativo\u201d, se\u00f1al\u00f3 el <strong>subsecretario de Educaci\u00f3n, Nicol\u00e1s Cataldo<\/strong>, pues, \u201cnos va a permitir construir un pedazo de la historia que no est\u00e1 completa. Creemos que es de justicia no solo avanzar en la reparaci\u00f3n, sino que tambi\u00e9n avanzar en la memoria y tener una base de datos que nos identifique quienes fueron los colegas que en esa \u00e9poca oscura del pa\u00eds y tambi\u00e9n de la educaci\u00f3n fueron parte de este proceso de traspaso involuntario\u201d.<\/p>\n<p style=\"text-align: justify;\">Por su parte, el <strong>presidente del magisterio, Carlos D\u00edaz,<\/strong> se\u00f1al\u00f3 que \u201clo central y fundamental es que la propuesta que se va a entregar al parlamento la estamos construyendo en conjunto, con el Colegio de Profesores y Profesoras de Chile y el Ministerio de Educaci\u00f3n. Yo valoro mucho lo que hoy se est\u00e1 haciendo desde el ministerio, valoro lo que estamos desarrollando como Colegio de Profesoras y Profesores, porque lo que queremos es que estos 41 a\u00f1os que han pasado no sigan prolong\u00e1ndose en el tiempo, porque creemos que ya ha sido demasiado, ha sido mucho tiempo el que el Estado de Chile no ha cumplido con las profesoras y profesores\u201d.<\/p>\n<p style=\"text-align: justify;\"><strong><u>Plataforma y plazo de revisi\u00f3n<\/u><\/strong><\/p>\n<p style=\"text-align: justify;\">Actualmente se cuenta con una base de datos que individualiza a cerca de 76 mil docentes afectados en el proceso de traspaso a los municipios (1980-1987), de los cuales el 68% corresponde a mujeres. El listado fue construido entre 2016 y 2017, pero no incluye a todos los docentes perjudicados, porque una parte de los decretos de traspaso estaban en condiciones ilegibles.<\/p>\n<p style=\"text-align: justify;\">Por lo tanto, la plataforma web permitir\u00e1 a quienes hayan sido afectados verificar si est\u00e1n en el listado, rectificar la informaci\u00f3n en caso de que esta sea err\u00f3nea, y si no est\u00e1n, solicitar su incorporaci\u00f3n. La plataforma estar\u00e1 abierta hasta el viernes 30 de septiembre.<\/p>\n<p style=\"text-align: justify;\">La plataforma de inscripci\u00f3n y verificaci\u00f3n de los docentes afectados es parte del trabajo que han encabezado la Subsecretar\u00eda de Educaci\u00f3n y el Colegio de Profesores para saldar esta deuda. El compromiso del Mineduc es, luego de contar con el listado completo, presentar un proyecto de ley en el Congreso que posibilite el pago de una reparaci\u00f3n a las y los docentes\u00a0perjudicados.<\/p>\n","protected":false},"excerpt":{"rendered":"<p>El ministro se reuni\u00f3 con docentes que fueron traspasados a los municipios en la d\u00e9cada del \u00b480 para informar sobre la apertura de una plataforma que permitir\u00e1 contar con un listado m\u00e1s completo de las y los docentes que fueron afectados. Septiembre 2022.- El ministro de Educaci\u00f3n, Marco Antonio \u00c1vila;<\/p>\n","protected":false},"author":1,"featured_media":1624,"comment_status":"closed","ping_status":"open","sticky":false,"template":"","format":"standard","meta":{"footnotes":""},"categories":[40],"tags":[],"class_list":["post-1623","post","type-post","status-publish","format-standard","has-post-thumbnail","hentry","category-secreduc_iv"],"_links":{"self":[{"href":"https:\/\/minutaregional.cl\/index.php?rest_route=\/wp\/v2\/posts\/1623","targetHints":{"allow":["GET"]}}],"collection":[{"href":"https:\/\/minutaregional.cl\/index.php?rest_route=\/wp\/v2\/posts"}],"about":[{"href":"https:\/\/minutaregional.cl\/index.php?rest_route=\/wp\/v2\/types\/post"}],"author":[{"embeddable":true,"href":"https:\/\/minutaregional.cl\/index.php?rest_route=\/wp\/v2\/users\/1"}],"replies":[{"embeddable":true,"href":"https:\/\/minutaregional.cl\/index.php?rest_route=%2Fwp%2Fv2%2Fcomments&post=1623"}],"version-history":[{"count":1,"href":"https:\/\/minutaregional.cl\/index.php?rest_route=\/wp\/v2\/posts\/1623\/revisions"}],"predecessor-version":[{"id":1625,"href":"https:\/\/minutaregional.cl\/index.php?rest_route=\/wp\/v2\/posts\/1623\/revisions\/1625"}],"wp:featuredmedia":[{"embeddable":true,"href":"https:\/\/minutaregional.cl\/index.php?rest_route=\/wp\/v2\/media\/1624"}],"wp:attachment":[{"href":"https:\/\/minutaregional.cl\/index.php?rest_route=%2Fwp%2Fv2%2Fmedia&parent=1623"}],"wp:term":[{"taxonomy":"category","embeddable":true,"href":"https:\/\/minutaregional.cl\/index.php?rest_route=%2Fwp%2Fv2%2Fcategories&post=1623"},{"taxonomy":"post_tag","embeddable":true,"href":"https:\/\/minutaregional.cl\/index.php?rest_route=%2Fwp%2Fv2%2Ftags&post=1623"}],"curies":[{"name":"wp","href":"https:\/\/api.w.org\/{rel}","templated":true}]}}