{"id":1617,"date":"2022-09-02T23:13:42","date_gmt":"2022-09-02T23:13:42","guid":{"rendered":"https:\/\/minutaregional.cl\/?p=1617"},"modified":"2022-09-02T23:13:42","modified_gmt":"2022-09-02T23:13:42","slug":"escuela-de-educacion-ucn-lanza-proyecto-di-capacidad","status":"publish","type":"post","link":"https:\/\/minutaregional.cl\/?p=1617","title":{"rendered":"Escuela de Educaci\u00f3n UCN lanza proyecto Di-Capacidad"},"content":{"rendered":"<ul>\n<li style=\"text-align: justify;\"><em>Gracias a proyecto de Vinculaci\u00f3n con el Medio de la Universidad Cat\u00f3lica del Norte, estudiantes de <\/em><a href=\"https:\/\/admision.ucn.cl\/carreras\/pedagogias\/pedagogia-en-educacion-diferencial-con-mencion-en-desarrollo-emocional-y-cognitivo\/\"><em>Pedagog\u00eda en Educaci\u00f3n Diferencial con Menci\u00f3n en Desarrollo Emocional y Cognitivo<\/em><\/a><em> apoyar\u00e1n aprendizajes de la comunidad educativa de la Escuela Juan Sandoval Carrasco de Coquimbo. <\/em><\/li>\n<\/ul>\n<p style=\"text-align: justify;\">Contentas y motivadas se mostraron docentes y estudiantes de la Carrera de Pedagog\u00eda en Educaci\u00f3n Diferencial con Menci\u00f3n en Desarrollo Emocional y Cognitivo en la ceremonia de lanzamiento del Proyecto DI- Capacidad, que tiene por objetivo desarrollar habilidades psicoling\u00fc\u00edsticas en estudiantes en situaci\u00f3n de discapacidad de la Escuela Juan Sandoval Carrasco de Coquimbo.<\/p>\n<p style=\"text-align: justify;\">Esta iniciativa permitir\u00e1 a las y los estudiantes y docentes trabajar con la comunidad educativa del establecimiento en la promoci\u00f3n de experiencias cognitivas y emocionales para acceder a aprendizajes de mayor complejidad.<\/p>\n<p style=\"text-align: justify;\"><strong>Compromiso por servir, educar y contribuir<\/strong><\/p>\n<p style=\"text-align: justify;\">As\u00ed lo explica Pabla Rivera Iribarren, directora de la Escuela de Educaci\u00f3n UCN Coquimbo, \u201cpara nuestra Escuela de Educaci\u00f3n, la Pedagog\u00eda implica un profundo compromiso por servir, educar y as\u00ed contribuir para una sociedad m\u00e1s humana, m\u00e1s sensible, m\u00e1s inclusiva. Queremos aportar a nuestros pa\u00eds y regi\u00f3n con la formaci\u00f3n de profesionales de la educaci\u00f3n, que comprenden que el aprender y el ense\u00f1ar implica dedicaci\u00f3n, compromiso, implica la b\u00fasqueda de m\u00e1s y mejores oportunidades de vida. En este contexto, este proyecto de Vinculaci\u00f3n con el Medio es una propuesta educativa pertinente, contextualizada e innovadora que responde a requerimientos presentes en los territorios educativos y en coherencia con los principios y valores institucionales de la UCN\u201d, expres\u00f3.<\/p>\n<p style=\"text-align: justify;\">Rodrigo Espinoza V\u00e1squez, jefe de la carrera de <a href=\"https:\/\/admision.ucn.cl\/carreras\/pedagogias\/pedagogia-en-educacion-diferencial-con-mencion-en-desarrollo-emocional-y-cognitivo\/\">Educaci\u00f3n Diferencial de la Universidad Cat\u00f3lica del Norte<\/a>,\u00a0 se\u00f1al\u00f3 que este es un proyecto de <a href=\"https:\/\/www.ucn.cl\/sobre-ucn\/rectoria\/direccion-general-de-vinculacion-con-el-medio\/\">Vinculaci\u00f3n con el Medio<\/a> que es financiado por el <a href=\"https:\/\/www.mineduc.cl\/\">Ministerio de Educaci\u00f3n<\/a> y ejecutado por la <a href=\"https:\/\/www.ucn.cl\/escuela-de-educacion\/\">Escuela de Educaci\u00f3n<\/a> en conjunto con el Colegio Juan Sandoval Carrasco, y\u00a0 es la primera experiencia que realizan con este establecimiento, lo que ser\u00e1 muy beneficio para ambas instituciones.<\/p>\n<p style=\"text-align: justify;\">Dentro de la relevancia de esta iniciativa Espinoza explic\u00f3 que \u201chay estudios que indican que el desarrollo de las habilidades psicoling\u00fcistas favorecen posteriormente la lectura, por tanto, con este trabajo queremos promover la autonom\u00eda de las y los estudiantes, lo que est\u00e1 muy alineado al trabajo desarrollado con los estudiantes y con las necesidades existentes y es una pr\u00e1ctica pedag\u00f3gica que se ha replicado en otras instituciones y da buenos resultados\u201d.<\/p>\n<p style=\"text-align: justify;\">Walkiria Estay Villal\u00f3n, educadora diferencial del Colegio Juan Sandoval Carrasco, se\u00f1al\u00f3 estar muy contentas de participar \u201cfuimos invitados por la Universidad y nos pareci\u00f3 una muy buena iniciativa, porque es una pr\u00e1ctica novedosa para las y los ni\u00f1os porque cada estudiante trabajar\u00e1 con uno o dos de ellos para desarrollar habilidades comunicacionales ligadas a lo afectivo, considerando que no todos nuestros estudiantes son verbales\u201d.<\/p>\n<p style=\"text-align: justify;\">Adem\u00e1s, explic\u00f3 que las cuatro primeras sesiones se realizar\u00e1n en la escuela \u201cpara que las estudiantes puedan conocer el trabajo que realizamos y poder anteponerse frente a situaciones m\u00e1s complejas acompa\u00f1adas por nosotros, las siguientes sesiones ser\u00e1n en la Universidad\u201d.<\/p>\n<p style=\"text-align: justify;\">El proyecto considera 12 sesiones de trabajo con estudiantes, docentes y apoderados del establecimiento, las primeras sesiones se realizar\u00e1n con los ni\u00f1os en su escuela y luego los meses de octubre y noviembre podr\u00e1n ir a la Universidad y trabajar en una sala acondicionada para ello en la Escuela de Educaci\u00f3n.<\/p>\n<p style=\"text-align: justify;\"><strong>Vinculaci\u00f3n con el Medio <\/strong><\/p>\n<p style=\"text-align: justify;\">Por su parte, la Secretaria de Vinculaci\u00f3n con el Medio de la UCN Sede Coquimbo, Paula Cavieres Zepeda, destac\u00f3 la importancia que tienen estos fondos concursables de VCM financiados por MINEDUC, que permiten por un lado contribuir en la calidad de vida, a trav\u00e9s del desarrollo de habilidades psicoling\u00fc\u00edsticas, en los estudiantes de la Escuela Juan Sandoval Carrasco, y tambi\u00e9n otorgar un espacio para que nuestros y nuestras estudiantes movilicen competencias; sello de nuestra instituci\u00f3n que est\u00e1 \u00a0declarado en el Proyecto Educativo Institucional y representado en su perfil de egreso, como lo es la responsabilidad social y el respeto por la dignidad de las personas.<\/p>\n","protected":false},"excerpt":{"rendered":"<p>Gracias a proyecto de Vinculaci\u00f3n con el Medio de la Universidad Cat\u00f3lica del Norte, estudiantes de Pedagog\u00eda en Educaci\u00f3n Diferencial con Menci\u00f3n en Desarrollo Emocional y Cognitivo apoyar\u00e1n aprendizajes de la comunidad educativa de la Escuela Juan Sandoval Carrasco de Coquimbo. Contentas y motivadas se mostraron docentes y estudiantes de<\/p>\n","protected":false},"author":1,"featured_media":1618,"comment_status":"closed","ping_status":"open","sticky":false,"template":"","format":"standard","meta":{"footnotes":""},"categories":[8],"tags":[],"class_list":["post-1617","post","type-post","status-publish","format-standard","has-post-thumbnail","hentry","category-columna-de-opinion"],"_links":{"self":[{"href":"https:\/\/minutaregional.cl\/index.php?rest_route=\/wp\/v2\/posts\/1617","targetHints":{"allow":["GET"]}}],"collection":[{"href":"https:\/\/minutaregional.cl\/index.php?rest_route=\/wp\/v2\/posts"}],"about":[{"href":"https:\/\/minutaregional.cl\/index.php?rest_route=\/wp\/v2\/types\/post"}],"author":[{"embeddable":true,"href":"https:\/\/minutaregional.cl\/index.php?rest_route=\/wp\/v2\/users\/1"}],"replies":[{"embeddable":true,"href":"https:\/\/minutaregional.cl\/index.php?rest_route=%2Fwp%2Fv2%2Fcomments&post=1617"}],"version-history":[{"count":1,"href":"https:\/\/minutaregional.cl\/index.php?rest_route=\/wp\/v2\/posts\/1617\/revisions"}],"predecessor-version":[{"id":1619,"href":"https:\/\/minutaregional.cl\/index.php?rest_route=\/wp\/v2\/posts\/1617\/revisions\/1619"}],"wp:featuredmedia":[{"embeddable":true,"href":"https:\/\/minutaregional.cl\/index.php?rest_route=\/wp\/v2\/media\/1618"}],"wp:attachment":[{"href":"https:\/\/minutaregional.cl\/index.php?rest_route=%2Fwp%2Fv2%2Fmedia&parent=1617"}],"wp:term":[{"taxonomy":"category","embeddable":true,"href":"https:\/\/minutaregional.cl\/index.php?rest_route=%2Fwp%2Fv2%2Fcategories&post=1617"},{"taxonomy":"post_tag","embeddable":true,"href":"https:\/\/minutaregional.cl\/index.php?rest_route=%2Fwp%2Fv2%2Ftags&post=1617"}],"curies":[{"name":"wp","href":"https:\/\/api.w.org\/{rel}","templated":true}]}}