{"id":1614,"date":"2022-09-02T23:05:29","date_gmt":"2022-09-02T23:05:29","guid":{"rendered":"https:\/\/minutaregional.cl\/?p=1614"},"modified":"2022-09-02T23:05:29","modified_gmt":"2022-09-02T23:05:29","slug":"ovalle-es-campeon-regional-de-futsal-sub-14-damas-en-los-juegos-deportivos-escolares","status":"publish","type":"post","link":"https:\/\/minutaregional.cl\/?p=1614","title":{"rendered":"Ovalle es campe\u00f3n regional de Futsal sub-14 damas en los Juegos Deportivos Escolares"},"content":{"rendered":"<ul>\n<li style=\"text-align: justify;\"><b><i>\u00a0 \u00a0Los encuentros se disputaron en el Polideportivo \u00c1ngel Marentis de la capital de la provincia del Limar\u00ed.<\/i><\/b><\/li>\n<\/ul>\n<div style=\"text-align: justify;\"><\/div>\n<div style=\"text-align: justify;\">El Liceo Bicentenario Alejandro \u00c1lvarez Jofr\u00e9 de la capital del LImar\u00ed, \u00a0obtuvo el primer lugar damas de la etapa regional, coronando a las jugadoras tras una jornada de finales, en la que compitieron tambi\u00e9n el Colegio Amazing Grace de Pe\u00f1uelas, y Colegio San Sebasti\u00e1n de Salamanca, en el torneo donde se jug\u00f3 todos contra todos, las ovallinas se impusieron en los dos encuentros, derrotando en el \u00faltimo por 2 goles a cero, a las coquimbanas, con tantos de Mar\u00eda Altamar y Anais Olivarez y sellaron su paso a la final nacional. Su capitana, Constanza Hurtado,\u00a0 se\u00f1al\u00f3,\u00a0<b><i>\u00aben lo personal, estoy muy feliz, el haber ganado con mis compa\u00f1eras. Muy peleada la competencia, al principio nos costaba, al final eran los nervios y nos soltamos y logramos el triunfo\u00bb<\/i><\/b>.<\/p>\n<p>En cuanto a los varones, los representantes del Colegio San Ignacio de Loyola de Illapel, entrenados por Luis Torrej\u00f3n, alcanzaron el primer lugar .<\/p><\/div>\n<div style=\"text-align: justify;\">Los representantes illapelinos en jornada de ma\u00f1ana derrotaron a Combarbal\u00e1, representante del Limar\u00ed por 4 goles a 2 con 3 anotaciones de Diego Acosta y 1 de Mat\u00edas Flores.<\/div>\n<div style=\"text-align: justify;\">En el \u00faltimo partido de la final provincial, enfrentaron al Colegio Claudio Arrau de Coquimbo, \u00a0se impusieron por 6 goles a 1 con 3 goles de Mat\u00edas Flores, 2 goles de Diego Acosta y 1 de Milovan Fern\u00e1ndez, y as\u00ed sacaron pasajes a la final nacional, a disputarse en Caldera.<\/div>\n<div style=\"text-align: justify;\"><\/div>\n<div style=\"text-align: justify;\">Su capit\u00e1n Milovan Fern\u00e1ndez, agreg\u00f3\u00a0<b><i>\u00abfue bak\u00e1n haber ganado, era primera vez que ven\u00edamos a una isntancia como esta, ya llegamos al regional, noas vamso a preparar y vamos a demostrar lo que es la regi\u00f3n y lo que tiene\u00bb. se\u00f1al\u00f3 el capit\u00e1n.<\/i><\/b><\/div>\n<div style=\"text-align: justify;\">Tambi\u00e9n participaron en esta categor\u00eda, el Liceo Samuel Rom\u00e1n Rojas de Combarbal\u00e1 y los partidos se jugaron en el Polideportivo \u00c1ngel Marentis.<b><u><br \/>\n<\/u><\/b><\/div>\n<div style=\"text-align: justify;\">Para el pr\u00f3ximo mi\u00e9rcoles 7 de septiembre, se va a definir el balonmano en Ovalle y el b\u00e1squetbol en el Gimnaso de Illapel y el Colegio Santa Teresa de la capital del Choapa.<\/div>\n<div><\/div>\n","protected":false},"excerpt":{"rendered":"<p>\u00a0 \u00a0Los encuentros se disputaron en el Polideportivo \u00c1ngel Marentis de la capital de la provincia del Limar\u00ed. El Liceo Bicentenario Alejandro \u00c1lvarez Jofr\u00e9 de la capital del LImar\u00ed, \u00a0obtuvo el primer lugar damas de la etapa regional, coronando a las jugadoras tras una jornada de finales, en la que<\/p>\n","protected":false},"author":1,"featured_media":1615,"comment_status":"closed","ping_status":"open","sticky":false,"template":"","format":"standard","meta":{"footnotes":""},"categories":[37],"tags":[],"class_list":["post-1614","post","type-post","status-publish","format-standard","has-post-thumbnail","hentry","category-ind-coquimbo"],"_links":{"self":[{"href":"https:\/\/minutaregional.cl\/index.php?rest_route=\/wp\/v2\/posts\/1614","targetHints":{"allow":["GET"]}}],"collection":[{"href":"https:\/\/minutaregional.cl\/index.php?rest_route=\/wp\/v2\/posts"}],"about":[{"href":"https:\/\/minutaregional.cl\/index.php?rest_route=\/wp\/v2\/types\/post"}],"author":[{"embeddable":true,"href":"https:\/\/minutaregional.cl\/index.php?rest_route=\/wp\/v2\/users\/1"}],"replies":[{"embeddable":true,"href":"https:\/\/minutaregional.cl\/index.php?rest_route=%2Fwp%2Fv2%2Fcomments&post=1614"}],"version-history":[{"count":1,"href":"https:\/\/minutaregional.cl\/index.php?rest_route=\/wp\/v2\/posts\/1614\/revisions"}],"predecessor-version":[{"id":1616,"href":"https:\/\/minutaregional.cl\/index.php?rest_route=\/wp\/v2\/posts\/1614\/revisions\/1616"}],"wp:featuredmedia":[{"embeddable":true,"href":"https:\/\/minutaregional.cl\/index.php?rest_route=\/wp\/v2\/media\/1615"}],"wp:attachment":[{"href":"https:\/\/minutaregional.cl\/index.php?rest_route=%2Fwp%2Fv2%2Fmedia&parent=1614"}],"wp:term":[{"taxonomy":"category","embeddable":true,"href":"https:\/\/minutaregional.cl\/index.php?rest_route=%2Fwp%2Fv2%2Fcategories&post=1614"},{"taxonomy":"post_tag","embeddable":true,"href":"https:\/\/minutaregional.cl\/index.php?rest_route=%2Fwp%2Fv2%2Ftags&post=1614"}],"curies":[{"name":"wp","href":"https:\/\/api.w.org\/{rel}","templated":true}]}}