{"id":1607,"date":"2022-09-01T23:33:40","date_gmt":"2022-09-01T23:33:40","guid":{"rendered":"https:\/\/minutaregional.cl\/?p=1607"},"modified":"2022-09-01T23:33:40","modified_gmt":"2022-09-01T23:33:40","slug":"el-82-de-las-personas-de-la-region-de-coquimbo-tendran-ahora-gratuidad-en-sus-atenciones-en-la-red-publica-de-salud","status":"publish","type":"post","link":"https:\/\/minutaregional.cl\/?p=1607","title":{"rendered":"El 82% de las personas de la Regi\u00f3n de Coquimbo tendr\u00e1n ahora gratuidad en sus atenciones en la Red P\u00fablica de Salud"},"content":{"rendered":"<ul>\n<li>Este beneficio se activa autom\u00e1ticamente para todas las personas que pertenecen a Fonasa, sin realizar ning\u00fan tr\u00e1mite asociado.<\/li>\n<\/ul>\n<p>Desde este 1 de septiembre entra en vigencia la medida \u201cCopago Cero\u201d para todos los beneficiarios de Fonasa C y D, menores de 60 a\u00f1os, quienes desde ahora tendr\u00e1n gratuidad en todas sus atenciones en el sistema p\u00fablico de salud.<\/p>\n<p>En la regi\u00f3n de Coquimbo, las Autoridades visitaron a pacientes del CDT del Hospital de La Serena para dar a conocer esta importante medida de salud p\u00fablica. \u201dHoy Fonasa da un salto importante, hoy la salud ya no depende de la capacidad de pago que tengan las personas, hoy estamos mandando un claro mensaje a trav\u00e9s del Gobierno del Presidente Gabriel Boric, que en Fonasa existe gratuidad y cobertura total por parte del seguro p\u00fablico\u201d, Destac\u00f3 el Delegado Presidencial Rub\u00e9n Quezada.<\/p>\n<p>Este beneficio se activa autom\u00e1ticamente para todas las personas que pertenecen a Fonasa, por lo que no se debe realizar ning\u00fan tr\u00e1mite asociado a la atenci\u00f3n de salud. Al respecto, la Seremi de Salud Paola Salas sostuvo que \u201cLas personas que ser\u00e1n beneficiadas alcanzan los 261 mil usuarios de Fonasa C y D, en concreto si vienen al hospital van a pasar por recaudaci\u00f3n y ya no tendr\u00e1n que realizar su copago. Estamos felices de ver materializado el copago cero\u201d. Se\u00f1al\u00f3 la Autoridad Sanitaria.<\/p>\n<p>Durante su recorrido las autoridades regionales, conversaron con pacientes que son beneficiados con esta medida. Gloria Segovia, paciente de la Unidad de Medicina F\u00edsica y Rehabilitaci\u00f3n, se\u00f1al\u00f3 que \u201ces un beneficio tremendo para las personas que tenemos afiliaci\u00f3n a Fonasa y hoy tenemos la posibilidad del costo cero. Esto es un avance, yo creo que el d\u00eda de hoy podemos marcar un precedente que la salud es un derecho\u201d.<\/p>\n<p>En la regi\u00f3n de Coquimbo el 82% de las personas tendr\u00e1n ahora gratuidad en sus atenciones en la Red P\u00fablica de Salud. German L\u00f3pez, Director del Servicio de Salud Coquimbo, se\u00f1al\u00f3 que es una buena noticia que permitir\u00e1 \u201cque todas las atenciones que se hacen en el sector p\u00fablico, como en las que realizamos en los hospitales, se atender\u00e1n en forma gratuita para los beneficiarios de Fonasa\u201d.<\/p>\n<p>El Copago Cero, representa un ahorro anual promedio de 260 mil pesos por familia y aplicar\u00e1 tanto para las prestaciones AUGE\/GES, como tambi\u00e9n para las que no est\u00e1n garantizadas en las Garant\u00edas Expl\u00edcitas en Salud.<\/p>\n<p>Finalmente, el Director del Hospital de La Serena, Iv\u00e1n Mar\u00edn sostuvo que esta medida beneficiar\u00e1 a m\u00e1s de 178 mil usuarios que pertenecen al tramo C y D de Fonasa y que se atienden en su establecimiento.<\/p>\n<p>&nbsp;<\/p>\n<p>&nbsp;<\/p>\n<p>&nbsp;<\/p>\n","protected":false},"excerpt":{"rendered":"<p>Este beneficio se activa autom\u00e1ticamente para todas las personas que pertenecen a Fonasa, sin realizar ning\u00fan tr\u00e1mite asociado. Desde este 1 de septiembre entra en vigencia la medida \u201cCopago Cero\u201d para todos los beneficiarios de Fonasa C y D, menores de 60 a\u00f1os, quienes desde ahora tendr\u00e1n gratuidad en todas<\/p>\n","protected":false},"author":1,"featured_media":1609,"comment_status":"closed","ping_status":"open","sticky":false,"template":"","format":"standard","meta":{"footnotes":""},"categories":[50],"tags":[],"class_list":["post-1607","post","type-post","status-publish","format-standard","has-post-thumbnail","hentry","category-seremi-salud"],"_links":{"self":[{"href":"https:\/\/minutaregional.cl\/index.php?rest_route=\/wp\/v2\/posts\/1607","targetHints":{"allow":["GET"]}}],"collection":[{"href":"https:\/\/minutaregional.cl\/index.php?rest_route=\/wp\/v2\/posts"}],"about":[{"href":"https:\/\/minutaregional.cl\/index.php?rest_route=\/wp\/v2\/types\/post"}],"author":[{"embeddable":true,"href":"https:\/\/minutaregional.cl\/index.php?rest_route=\/wp\/v2\/users\/1"}],"replies":[{"embeddable":true,"href":"https:\/\/minutaregional.cl\/index.php?rest_route=%2Fwp%2Fv2%2Fcomments&post=1607"}],"version-history":[{"count":1,"href":"https:\/\/minutaregional.cl\/index.php?rest_route=\/wp\/v2\/posts\/1607\/revisions"}],"predecessor-version":[{"id":1610,"href":"https:\/\/minutaregional.cl\/index.php?rest_route=\/wp\/v2\/posts\/1607\/revisions\/1610"}],"wp:featuredmedia":[{"embeddable":true,"href":"https:\/\/minutaregional.cl\/index.php?rest_route=\/wp\/v2\/media\/1609"}],"wp:attachment":[{"href":"https:\/\/minutaregional.cl\/index.php?rest_route=%2Fwp%2Fv2%2Fmedia&parent=1607"}],"wp:term":[{"taxonomy":"category","embeddable":true,"href":"https:\/\/minutaregional.cl\/index.php?rest_route=%2Fwp%2Fv2%2Fcategories&post=1607"},{"taxonomy":"post_tag","embeddable":true,"href":"https:\/\/minutaregional.cl\/index.php?rest_route=%2Fwp%2Fv2%2Ftags&post=1607"}],"curies":[{"name":"wp","href":"https:\/\/api.w.org\/{rel}","templated":true}]}}