{"id":1601,"date":"2022-09-01T23:02:57","date_gmt":"2022-09-01T23:02:57","guid":{"rendered":"https:\/\/minutaregional.cl\/?p=1601"},"modified":"2022-09-01T23:09:05","modified_gmt":"2022-09-01T23:09:05","slug":"en-la-serena-inauguran-centro-regional-de-defensa-juridica-especializada-en-ninez-y-adolescencia","status":"publish","type":"post","link":"https:\/\/minutaregional.cl\/?p=1601","title":{"rendered":"En La Serena inauguran Centro Regional de defensa jur\u00eddica especializada en ni\u00f1ez y adolescencia"},"content":{"rendered":"<div style=\"width: 640px;\" class=\"wp-video\"><video class=\"wp-video-shortcode\" id=\"video-1601-1\" width=\"640\" height=\"360\" preload=\"auto\" controls=\"controls\"><source type=\"video\/mp4\" src=\"https:\/\/minutaregional.cl\/wp-content\/uploads\/2022\/09\/DIRECTOR-GENERAL-CAJVAL-1.mp4?_=1\" \/><a href=\"https:\/\/minutaregional.cl\/wp-content\/uploads\/2022\/09\/DIRECTOR-GENERAL-CAJVAL-1.mp4\">https:\/\/minutaregional.cl\/wp-content\/uploads\/2022\/09\/DIRECTOR-GENERAL-CAJVAL-1.mp4<\/a><\/video><\/div>\n<p>AUDIO : DIRECTOR GENERAL DE CAJVAL<\/p>\n<ul>\n<li>A partir de hoy las Corporaciones de Asistencia Judicial cuentan con abogados y trabajadores sociales para la atenci\u00f3n exclusiva de ni\u00f1os, ni\u00f1as y adolescentes, haciendo posible el ejercicio de sus derechos en el marco de un debido proceso que los visualiza como sujetos titulares de derechos humanos que, por su condici\u00f3n, merecen especial protecci\u00f3n por parte del Estado.<\/li>\n<\/ul>\n<p>En una ceremonia realizada en el edificio regional de la Corporaci\u00f3n de Asistencia Judicial en La Serena, donde se instalar\u00e1 el centro especializado, se realiz\u00f3 este jueves la inauguraci\u00f3n y puesta en marcha de la nueva l\u00ednea de representaci\u00f3n jur\u00eddica especializada \u201cLa Ni\u00f1ez y Adolescencia se Defienden\u201d en la regi\u00f3n de Coquimbo, una nueva l\u00ednea de asistencia jur\u00eddica integral que a partir de hoy estar\u00e1 presente en las Corporaciones de Asistencia Judicial de todo el territorio nacional.<\/p>\n<p>Con esta puesta en marcha, anunciada el pasado 19 de julio por el presidente de la Rep\u00fablica, Gabriel Boric, se reconoce a este p\u00fablico objetivo el derecho a contar con representaci\u00f3n jur\u00eddica especializada, esto es, de abogados que tengan conocimiento y formaci\u00f3n en derecho de familia, derechos humanos, en la Convenci\u00f3n de Derechos del Ni\u00f1o y de las Observaciones Generales del Comit\u00e9 de Derechos del Ni\u00f1o, quienes ser\u00e1n atendidos de manera exclusiva por estos abogados, y acompa\u00f1ados durante todo el proceso, haciendo posible el ejercicio de sus derechos, en el marco de un debido proceso que los visualiza como sujetos titulares de derechos humanos, que, por su condici\u00f3n, merecen especial protecci\u00f3n por parte del Estado.<\/p>\n<p>A estos equipos, se sumar\u00e1n trabajadores sociales, quienes deber\u00e1n coordinar el acceso a prestaciones de protecci\u00f3n especializada provistas por el Servicio Mejor Ni\u00f1ez, tales como el diagn\u00f3stico, la restituci\u00f3n de los derechos, la reparaci\u00f3n del da\u00f1o producido y la prevenci\u00f3n de nuevas vulneraciones.<\/p>\n<p>La jornada fue encabezada por el Seremi de Justicia y Derechos Humanos, Rub\u00e9n Garc\u00eda, quien destac\u00f3 que \u201cdesde el Gobierno se ha dado el inicio, la inauguraci\u00f3n, de la l\u00ednea de representaci\u00f3n jur\u00eddica de ni\u00f1os, ni\u00f1as y adolescentes, que tiene por objetivo lograr la protecci\u00f3n de los ni\u00f1os, ni\u00f1as, adolescentes en el marco de los tratados internacionales, la Convenci\u00f3n de los Derechos del Ni\u00f1o, de la ley de Garant\u00edas de los ni\u00f1os, ni\u00f1as y adolescentes, para buscar la protecci\u00f3n y el acceso a la justicia y el acompa\u00f1amiento necesario de profesionales, de abogados, de trabajadores sociales, especialistas en el \u00e1rea\u201d.<\/p>\n<p>Por su parte, el director general de la Corporaci\u00f3n de Asistencia Judicial, Gast\u00f3n Gauch\u00e9, se\u00f1al\u00f3 que \u201cesta nueva l\u00ednea especializada contar\u00e1 en la regi\u00f3n de Coquimbo con 7 profesionales, una coordinadora regional, abogadas y una asistente social, que van a representar exclusivamente y de manera especializada a nuestros ni\u00f1os, ni\u00f1as y adolescentes, con una distribuci\u00f3n dentro de la regi\u00f3n en la ciudad de La Serena, Coquimbo, Ovalle e Illapel, de modo que va a haber un despliegue y una representaci\u00f3n a lo largo de todo el territorio regional\u201d.<\/p>\n<p>\u201cEsto ha sido un desaf\u00edo y un compromiso por parte del Estado de Chile, en que se nos ha encargado a nosotros como servicios p\u00fablicos, las Corporaciones de Asistencia Judicial, brindar esta asistencia judicial y de manera integral\u201d.<\/p>\n","protected":false},"excerpt":{"rendered":"<p>AUDIO : DIRECTOR GENERAL DE CAJVAL A partir de hoy las Corporaciones de Asistencia Judicial cuentan con abogados y trabajadores sociales para la atenci\u00f3n exclusiva de ni\u00f1os, ni\u00f1as y adolescentes, haciendo posible el ejercicio de sus derechos en el marco de un debido proceso que los visualiza como sujetos titulares<\/p>\n","protected":false},"author":1,"featured_media":1603,"comment_status":"closed","ping_status":"open","sticky":false,"template":"","format":"standard","meta":{"footnotes":""},"categories":[1],"tags":[],"class_list":["post-1601","post","type-post","status-publish","format-standard","has-post-thumbnail","hentry","category-noticias-regionales"],"_links":{"self":[{"href":"https:\/\/minutaregional.cl\/index.php?rest_route=\/wp\/v2\/posts\/1601","targetHints":{"allow":["GET"]}}],"collection":[{"href":"https:\/\/minutaregional.cl\/index.php?rest_route=\/wp\/v2\/posts"}],"about":[{"href":"https:\/\/minutaregional.cl\/index.php?rest_route=\/wp\/v2\/types\/post"}],"author":[{"embeddable":true,"href":"https:\/\/minutaregional.cl\/index.php?rest_route=\/wp\/v2\/users\/1"}],"replies":[{"embeddable":true,"href":"https:\/\/minutaregional.cl\/index.php?rest_route=%2Fwp%2Fv2%2Fcomments&post=1601"}],"version-history":[{"count":3,"href":"https:\/\/minutaregional.cl\/index.php?rest_route=\/wp\/v2\/posts\/1601\/revisions"}],"predecessor-version":[{"id":1606,"href":"https:\/\/minutaregional.cl\/index.php?rest_route=\/wp\/v2\/posts\/1601\/revisions\/1606"}],"wp:featuredmedia":[{"embeddable":true,"href":"https:\/\/minutaregional.cl\/index.php?rest_route=\/wp\/v2\/media\/1603"}],"wp:attachment":[{"href":"https:\/\/minutaregional.cl\/index.php?rest_route=%2Fwp%2Fv2%2Fmedia&parent=1601"}],"wp:term":[{"taxonomy":"category","embeddable":true,"href":"https:\/\/minutaregional.cl\/index.php?rest_route=%2Fwp%2Fv2%2Fcategories&post=1601"},{"taxonomy":"post_tag","embeddable":true,"href":"https:\/\/minutaregional.cl\/index.php?rest_route=%2Fwp%2Fv2%2Ftags&post=1601"}],"curies":[{"name":"wp","href":"https:\/\/api.w.org\/{rel}","templated":true}]}}