{"id":1590,"date":"2022-08-31T22:57:43","date_gmt":"2022-08-31T22:57:43","guid":{"rendered":"https:\/\/minutaregional.cl\/?p=1590"},"modified":"2022-08-31T22:57:43","modified_gmt":"2022-08-31T22:57:43","slug":"balance-de-la-pdi-confirma-aumento-de-los-robos-con-intimidacion-en-primer-semestre-2022","status":"publish","type":"post","link":"https:\/\/minutaregional.cl\/?p=1590","title":{"rendered":"BALANCE DE LA PDI CONFIRMA AUMENTO DE LOS ROBOS CON INTIMIDACI\u00d3N EN PRIMER SEMESTRE 2022"},"content":{"rendered":"<p>Respecto al mismo per\u00edodo del 2021, las denuncias se incrementaron de 204 a 332, mientras que las investigaciones por diversos delitos de robos aumentaron de 676 a 764.<\/p>\n<p>La seguridad p\u00fablica es una de las principales preocupaciones ciudadanas, seg\u00fan la tendencia que se expresa en diversos sondeos de opini\u00f3n. En un apartado especial sobre Delincuencia, desarrollado por la Encuesta Plaza P\u00fablica Cadem de inicios de agosto, se advierte que un 81% de los consultados cree que la inseguridad aument\u00f3 en el \u00faltimo a\u00f1o y respecto a la sensaci\u00f3n de vulnerabilidad, un 77% indica sentirse muy o bastante preocupado, en ser v\u00edctima de alg\u00fan delito.<\/p>\n<p>Ante los delitos de robos que desarrollaron los detectives, el Centro de An\u00e1lisis Criminal de la PDI (Cenacrim) realiz\u00f3 un balance nacional que establece el aumento durante el primer semestre de este a\u00f1o, respecto al 2021.<\/p>\n<p>\u201cEn nuestra regi\u00f3n, trabajamos un total de 676 decretos coordinados con el Ministerio P\u00fablico, durante el primer semestre del a\u00f1o 2021, y corresponden a instrucciones particulares, \u00f3rdenes de investigar, primeras diligencias y procedimientos por flagrancias. En el primer semestre de este a\u00f1o, estas acciones aumentaron a 764 decretos destinados para desarrollar nuestro trabajo cient\u00edfico t\u00e9cnico y de an\u00e1lisis criminal\u201d, se\u00f1al\u00f3 el Subprefecto Fernando Rojas de la Brigada Investigadora de Robos La Serena.<\/p>\n<p>Entre los tres requerimientos policiales que m\u00e1s fueron atendidos el a\u00f1o pasado se encuentran los robos en lugar no habitado, en lugar habitado y en tercera ubicaci\u00f3n, el robo con violencia. Este a\u00f1o, se mantienen los dos primeros se\u00f1alados, y a la tercera posici\u00f3n sube el robo con intimidaci\u00f3n.<\/p>\n<p>Estos son delitos de alta complejidad y que demandan el uso de diversas t\u00e9cnicas investigativas de los detectives de esta brigada especializada, sobre un fen\u00f3meno delictual que demanda investigaciones prolongadas para lograr resultados positivos. Ana\u0301lisis criminal, cruce de informacio\u0301n, trabajo de sitio de suceso y peritaje de las evidencias, entre otros elementos, son la base de nuestra labor, que adem\u00e1s son parte del Modelo de Investigaci\u00f3n Preferente (MIP), una estrategia fundamental que implementamos este a\u00f1o con el Ministerio p\u00fablico en diversas regiones de Chile que se complementa con el Sistema de An\u00e1lisis de Focos Investigativos de la fiscal\u00eda\u201d, se\u00f1al\u00f3 el Subprefecto Rojas.<\/p>\n<p>Respecto a los resultados a nivel nacional, este a\u00f1o la PDI ya supera al 2021 en cantidad de detenidos, se registran 1.298 y 1.219 imputados en il\u00edcitos ligados a robos que tienen mayor impacto en la sociedad. En la Regi\u00f3n Policial de Coquimbo, las detenciones aumentaron de 37 a 51 y, el a\u00f1o pasado, principalmente por Robo en Lugar No Habitado mientras que, durante el primer semestre, la mayor cantidad de detenciones ocurren por Robo con Intimidaci\u00f3n. Sobre las denuncias, el balance tambi\u00e9n evidencia un aumento en las unidades de la polic\u00eda civil, increment\u00e1ndose de 204 a 332, en la regi\u00f3n Policial de Coquimbo.<\/p>\n","protected":false},"excerpt":{"rendered":"<p>Respecto al mismo per\u00edodo del 2021, las denuncias se incrementaron de 204 a 332, mientras que las investigaciones por diversos delitos de robos aumentaron de 676 a 764. La seguridad p\u00fablica es una de las principales preocupaciones ciudadanas, seg\u00fan la tendencia que se expresa en diversos sondeos de opini\u00f3n. En<\/p>\n","protected":false},"author":1,"featured_media":1591,"comment_status":"closed","ping_status":"open","sticky":false,"template":"","format":"standard","meta":{"footnotes":""},"categories":[14],"tags":[],"class_list":["post-1590","post","type-post","status-publish","format-standard","has-post-thumbnail","hentry","category-pdi"],"_links":{"self":[{"href":"https:\/\/minutaregional.cl\/index.php?rest_route=\/wp\/v2\/posts\/1590","targetHints":{"allow":["GET"]}}],"collection":[{"href":"https:\/\/minutaregional.cl\/index.php?rest_route=\/wp\/v2\/posts"}],"about":[{"href":"https:\/\/minutaregional.cl\/index.php?rest_route=\/wp\/v2\/types\/post"}],"author":[{"embeddable":true,"href":"https:\/\/minutaregional.cl\/index.php?rest_route=\/wp\/v2\/users\/1"}],"replies":[{"embeddable":true,"href":"https:\/\/minutaregional.cl\/index.php?rest_route=%2Fwp%2Fv2%2Fcomments&post=1590"}],"version-history":[{"count":1,"href":"https:\/\/minutaregional.cl\/index.php?rest_route=\/wp\/v2\/posts\/1590\/revisions"}],"predecessor-version":[{"id":1592,"href":"https:\/\/minutaregional.cl\/index.php?rest_route=\/wp\/v2\/posts\/1590\/revisions\/1592"}],"wp:featuredmedia":[{"embeddable":true,"href":"https:\/\/minutaregional.cl\/index.php?rest_route=\/wp\/v2\/media\/1591"}],"wp:attachment":[{"href":"https:\/\/minutaregional.cl\/index.php?rest_route=%2Fwp%2Fv2%2Fmedia&parent=1590"}],"wp:term":[{"taxonomy":"category","embeddable":true,"href":"https:\/\/minutaregional.cl\/index.php?rest_route=%2Fwp%2Fv2%2Fcategories&post=1590"},{"taxonomy":"post_tag","embeddable":true,"href":"https:\/\/minutaregional.cl\/index.php?rest_route=%2Fwp%2Fv2%2Ftags&post=1590"}],"curies":[{"name":"wp","href":"https:\/\/api.w.org\/{rel}","templated":true}]}}