{"id":1584,"date":"2022-08-31T19:30:12","date_gmt":"2022-08-31T19:30:12","guid":{"rendered":"https:\/\/minutaregional.cl\/?p=1584"},"modified":"2022-08-31T19:37:06","modified_gmt":"2022-08-31T19:37:06","slug":"diputado-manouchehri-si-cualquier-chileno-golpea-a-un-companero-de-trabajo-lo-despiden","status":"publish","type":"post","link":"https:\/\/minutaregional.cl\/?p=1584","title":{"rendered":"Diputado Manouchehri: \u201cSi cualquier chileno golpea a un compa\u00f1ero de trabajo, lo despiden\u201d"},"content":{"rendered":"<p>La Comisi\u00f3n de \u00c9tica de la C\u00e1mara de Diputadas y Diputados resolvi\u00f3 aplicar la m\u00e1xima sanci\u00f3n al diputado ex Republicano Gonzalo de la Carrera, por la denuncia de agresi\u00f3n contra el presidente de la Comisi\u00f3n de Econom\u00eda, Daniel Manouchehri.<\/p>\n<p>El legislador socialista calific\u00f3 la situaci\u00f3n de la Carrera como \u201cintolerable\u201d. \u201cLa gente nos elige para venir a legislar, no a hacer shows ni menos a comportarse como energ\u00famenos y matones de barrio. Lo que ha acontecido en la C\u00e1mara de Diputados es intolerable. Y es m\u00e1s grave a\u00fan porque es una conducta reiterada\u201d, destac\u00f3.<\/p>\n<p>En alusi\u00f3n a la agresi\u00f3n sufrida en la comisi\u00f3n, Manouchehri asegur\u00f3 que \u201cno lo quise denunciar porque est\u00e1bamos tratando un proyecto de ley importante como lo es el \u2018Chao Dicom\u2019 y nosotros cre\u00edamos que efectivamente la discusi\u00f3n p\u00fablica ten\u00eda que estar en los temas, no en este tipo de situaciones que son escandalosas\u201d.<\/p>\n<p>Por su parte, la diputada PS Ana Mar\u00eda Bravo celebr\u00f3 la resoluci\u00f3n adoptada hoy por la Comisi\u00f3n de \u00c9tica de la C\u00e1mara. La diputada realiz\u00f3 la denuncia a la Comisi\u00f3n de \u00c9tica por la agresi\u00f3n de Gonzalo de la Carrera a Daniel Manouchehri, ocurrida el 31 de mayo en la Comisi\u00f3n de Econom\u00eda.<\/p>\n<p>\u00abEstamos satisfechos con la sanci\u00f3n aplicada, ya que es la m\u00e1xima de acuerdo con el reglamento. Estas conductas no se pueden permitir, por cuanto el d\u00eda de ayer de la Carrera reiter\u00f3 una agresi\u00f3n. No podemos seguir permitiendo conductas como \u00e9stas\u00bb, sostuvo la parlamentaria por la Regi\u00f3n de Los R\u00edos.<\/p>\n<p>En esa misma l\u00ednea, el diputado Manouchehri valor\u00f3 la decisi\u00f3n tomada por la Comisi\u00f3n de \u00c9tica. \u00abEs una decisi\u00f3n que va en la l\u00ednea correcta. Si cualquier chileno agrede a otro chileno en su trabajo, ese chileno es despedido. El diputado de la Carrera act\u00faa de una manera descontrolada, sin capacidad de guardar el control cuando las opiniones son distintas a la que \u00e9l versa. El diputado de la Carrera es un peligro para esta Corporaci\u00f3n\u00bb, concluy\u00f3.<\/p>\n<p><iframe loading=\"lazy\" title=\"310822 dmanouchehri sanciones por agresion\" width=\"800\" height=\"450\" src=\"https:\/\/www.youtube.com\/embed\/s9fPemZXOs4?feature=oembed\" frameborder=\"0\" allow=\"accelerometer; autoplay; clipboard-write; encrypted-media; gyroscope; picture-in-picture\" allowfullscreen><\/iframe><\/p>\n<p>&nbsp;<\/p>\n<p>&nbsp;<\/p>\n","protected":false},"excerpt":{"rendered":"<p>La Comisi\u00f3n de \u00c9tica de la C\u00e1mara de Diputadas y Diputados resolvi\u00f3 aplicar la m\u00e1xima sanci\u00f3n al diputado ex Republicano Gonzalo de la Carrera, por la denuncia de agresi\u00f3n contra el presidente de la Comisi\u00f3n de Econom\u00eda, Daniel Manouchehri. El legislador socialista calific\u00f3 la situaci\u00f3n de la Carrera como \u201cintolerable\u201d.<\/p>\n","protected":false},"author":1,"featured_media":1585,"comment_status":"closed","ping_status":"open","sticky":false,"template":"","format":"standard","meta":{"footnotes":""},"categories":[26],"tags":[],"class_list":["post-1584","post","type-post","status-publish","format-standard","has-post-thumbnail","hentry","category-camara-de-diputadas-y-diputados"],"_links":{"self":[{"href":"https:\/\/minutaregional.cl\/index.php?rest_route=\/wp\/v2\/posts\/1584","targetHints":{"allow":["GET"]}}],"collection":[{"href":"https:\/\/minutaregional.cl\/index.php?rest_route=\/wp\/v2\/posts"}],"about":[{"href":"https:\/\/minutaregional.cl\/index.php?rest_route=\/wp\/v2\/types\/post"}],"author":[{"embeddable":true,"href":"https:\/\/minutaregional.cl\/index.php?rest_route=\/wp\/v2\/users\/1"}],"replies":[{"embeddable":true,"href":"https:\/\/minutaregional.cl\/index.php?rest_route=%2Fwp%2Fv2%2Fcomments&post=1584"}],"version-history":[{"count":2,"href":"https:\/\/minutaregional.cl\/index.php?rest_route=\/wp\/v2\/posts\/1584\/revisions"}],"predecessor-version":[{"id":1589,"href":"https:\/\/minutaregional.cl\/index.php?rest_route=\/wp\/v2\/posts\/1584\/revisions\/1589"}],"wp:featuredmedia":[{"embeddable":true,"href":"https:\/\/minutaregional.cl\/index.php?rest_route=\/wp\/v2\/media\/1585"}],"wp:attachment":[{"href":"https:\/\/minutaregional.cl\/index.php?rest_route=%2Fwp%2Fv2%2Fmedia&parent=1584"}],"wp:term":[{"taxonomy":"category","embeddable":true,"href":"https:\/\/minutaregional.cl\/index.php?rest_route=%2Fwp%2Fv2%2Fcategories&post=1584"},{"taxonomy":"post_tag","embeddable":true,"href":"https:\/\/minutaregional.cl\/index.php?rest_route=%2Fwp%2Fv2%2Ftags&post=1584"}],"curies":[{"name":"wp","href":"https:\/\/api.w.org\/{rel}","templated":true}]}}