{"id":1577,"date":"2022-08-31T17:48:37","date_gmt":"2022-08-31T17:48:37","guid":{"rendered":"https:\/\/minutaregional.cl\/?p=1577"},"modified":"2022-08-31T17:48:37","modified_gmt":"2022-08-31T17:48:37","slug":"video-se-libera-registro-de-agresion-de-diputado-de-la-carrera-a-manouchehri","status":"publish","type":"post","link":"https:\/\/minutaregional.cl\/?p=1577","title":{"rendered":"VIDEO: Se libera registro de agresi\u00f3n de diputado de la Carrera a Manouchehri"},"content":{"rendered":"<p>Luego de las repercusiones de la agresi\u00f3n del diputado Gonzalo de la Carrera al Vicepresidente de la C\u00e1mara de Diputados, Alexis Sep\u00falveda, se liber\u00f3 un video cuando el ex Republicano agredi\u00f3 f\u00edsicamente al presidente de la Comisi\u00f3n de Econom\u00eda, Daniel Manouchehri.<\/p>\n<p>&nbsp;<\/p>\n<p>En el registro se aprecia que de la Carrera agrede con un golpe en la oreja izquierda del diputado Manouchehri mientras \u00e9ste se retiraba de la sala. Esta agresi\u00f3n, de la que fueron testigos los integrantes de la comisi\u00f3n, ocurri\u00f3 posterior a la votaci\u00f3n del proyecto \u201cChao Dicom\u201d el 31 de mayo.<\/p>\n<p>&nbsp;<\/p>\n<p>&nbsp;<\/p>\n<p>El diputado Manouchehri expres\u00f3 su indignaci\u00f3n ante la suma de episodios agresivos del denunciado. \u201cLa gente nos eligi\u00f3 para venir a legislar, no para que vengan a actuar como matones o energ\u00famenos. Las agresiones del diputado Gonzalo de La Carrera son intolerables\u201d, subray\u00f3.<\/p>\n<p>&nbsp;<\/p>\n<p>&nbsp;<\/p>\n<p>Apuntado como precedente del historial de agresiones y controversias del parlamentario del Distrito 11 en la Corporaci\u00f3n, la acci\u00f3n fue denunciada a la Comisi\u00f3n de \u00c9tica por la diputada socialista Ana Mar\u00eda Bravo y se espera su resoluci\u00f3n para esta jornada.<\/p>\n<p>&nbsp;<\/p>\n<p>&nbsp;<\/p>\n","protected":false},"excerpt":{"rendered":"<p>Luego de las repercusiones de la agresi\u00f3n del diputado Gonzalo de la Carrera al Vicepresidente de la C\u00e1mara de Diputados, Alexis Sep\u00falveda, se liber\u00f3 un video cuando el ex Republicano agredi\u00f3 f\u00edsicamente al presidente de la Comisi\u00f3n de Econom\u00eda, Daniel Manouchehri. &nbsp; En el registro se aprecia que de la<\/p>\n","protected":false},"author":1,"featured_media":1579,"comment_status":"closed","ping_status":"open","sticky":false,"template":"","format":"standard","meta":{"footnotes":""},"categories":[26],"tags":[],"class_list":["post-1577","post","type-post","status-publish","format-standard","has-post-thumbnail","hentry","category-camara-de-diputadas-y-diputados"],"_links":{"self":[{"href":"https:\/\/minutaregional.cl\/index.php?rest_route=\/wp\/v2\/posts\/1577","targetHints":{"allow":["GET"]}}],"collection":[{"href":"https:\/\/minutaregional.cl\/index.php?rest_route=\/wp\/v2\/posts"}],"about":[{"href":"https:\/\/minutaregional.cl\/index.php?rest_route=\/wp\/v2\/types\/post"}],"author":[{"embeddable":true,"href":"https:\/\/minutaregional.cl\/index.php?rest_route=\/wp\/v2\/users\/1"}],"replies":[{"embeddable":true,"href":"https:\/\/minutaregional.cl\/index.php?rest_route=%2Fwp%2Fv2%2Fcomments&post=1577"}],"version-history":[{"count":1,"href":"https:\/\/minutaregional.cl\/index.php?rest_route=\/wp\/v2\/posts\/1577\/revisions"}],"predecessor-version":[{"id":1580,"href":"https:\/\/minutaregional.cl\/index.php?rest_route=\/wp\/v2\/posts\/1577\/revisions\/1580"}],"wp:featuredmedia":[{"embeddable":true,"href":"https:\/\/minutaregional.cl\/index.php?rest_route=\/wp\/v2\/media\/1579"}],"wp:attachment":[{"href":"https:\/\/minutaregional.cl\/index.php?rest_route=%2Fwp%2Fv2%2Fmedia&parent=1577"}],"wp:term":[{"taxonomy":"category","embeddable":true,"href":"https:\/\/minutaregional.cl\/index.php?rest_route=%2Fwp%2Fv2%2Fcategories&post=1577"},{"taxonomy":"post_tag","embeddable":true,"href":"https:\/\/minutaregional.cl\/index.php?rest_route=%2Fwp%2Fv2%2Ftags&post=1577"}],"curies":[{"name":"wp","href":"https:\/\/api.w.org\/{rel}","templated":true}]}}