{"id":1571,"date":"2022-08-31T17:25:39","date_gmt":"2022-08-31T17:25:39","guid":{"rendered":"https:\/\/minutaregional.cl\/?p=1571"},"modified":"2022-08-31T17:34:26","modified_gmt":"2022-08-31T17:34:26","slug":"sernameg-abre-postulaciones-para-participar-en-la-ix-expo-feria-mujeres-emprendedoras-indigenas-2022","status":"publish","type":"post","link":"https:\/\/minutaregional.cl\/?p=1571","title":{"rendered":"SERNAMEG ABRE POSTULACIONES PARA PARTICIPAR EN LA IX EXPO FERIA MUJERES EMPRENDEDORAS IND\u00cdGENAS 2022"},"content":{"rendered":"<audio class=\"wp-audio-shortcode\" id=\"audio-1571-1\" preload=\"none\" style=\"width: 100%;\" controls=\"controls\"><source type=\"audio\/mpeg\" src=\"https:\/\/minutaregional.cl\/wp-content\/uploads\/2022\/08\/SERNAMEG-feria_DN.mp3?_=1\" \/><a href=\"https:\/\/minutaregional.cl\/wp-content\/uploads\/2022\/08\/SERNAMEG-feria_DN.mp3\">https:\/\/minutaregional.cl\/wp-content\/uploads\/2022\/08\/SERNAMEG-feria_DN.mp3<\/a><\/audio>\n<p>AUDIO : SERNAMEG FERIA INDIGENA<\/p>\n<p style=\"text-align: justify;\"><em>Por primera vez, se podr\u00e1 postular online a trav\u00e9s de la p\u00e1gina web sernameg.gob.cl<\/em><\/p>\n<p style=\"text-align: justify;\">Tras dos a\u00f1os de pandemia, el SernamEG y CONADI, vuelven a convocar a todas las mujeres emprendedoras ind\u00edgenas a postular para ser parte de la IX versi\u00f3n de la Expo Feria, un espacio destinado a la comercializaci\u00f3n de productos y servicios, muy valorado por la ciudadan\u00eda, que se realizar\u00e1 en la Plaza de la Constituci\u00f3n.<\/p>\n<p style=\"text-align: justify;\"><strong>\u201cEstamos felices de anunciar que este a\u00f1o volveremos a tener la Expo Feria Mujeres Emprendedoras Ind\u00edgenas de forma presencial, la cual se realizar\u00e1 la primera semana de octubre. Desde el SernamEG te invitamos a ser parte de este espacio de visibilizaci\u00f3n y comercializaci\u00f3n de emprendimientos con pertinencia territorial. Desde hoy y hasta el 7 de septiembre, en el sitio sernameg.gob.cl podr\u00e1n encontrar el formulario de postulaci\u00f3n\u201d, destac\u00f3 Priscilla Carrasco Pizarro, directora Nacional del Servicio Nacional de la Mujer y la Equidad de G\u00e9nero.<\/strong><\/p>\n<p style=\"text-align: justify;\">As\u00ed tambi\u00e9n, aquellas personas que deseen postular de manera presencial, podr\u00e1n hacerlo en las Direcciones Regionales del SernamEG y las Oficinas de Conadi en todo el pa\u00eds.<\/p>\n<p style=\"text-align: justify;\">Podr\u00e1n postular mujeres emprendedoras, mayores de 18 a\u00f1os, pertenecientes a uno de los diez pueblos ind\u00edgenas (<strong>Aymara, Quechua, Likan Antay, Colla, Diaguita, Chango, Rapanui, Mapuche, Kaw\u00e9sqar y Yag\u00e1n)<\/strong>, que sean productoras directas, y que pongan en valor, rescaten y\/o revitalicen la cultura de los pueblos ind\u00edgenas a los cuales pertenecen, ya sea en la materia prima utilizada, en el proceso de elaboraci\u00f3n y\/o en el producto final.<\/p>\n<p style=\"text-align: justify;\">Las postulaciones podr\u00e1n ser de manera individual o como representantes de asociaciones, empresas o cooperativas ind\u00edgenas.<\/p>\n<p style=\"text-align: justify;\">Quienes cumplan los requisitos deber\u00e1n contar con la siguiente documentaci\u00f3n para postular de manera online o presencial: Ficha de Postulaci\u00f3n con toda la informaci\u00f3n requerida, fotograf\u00edas a color de los productos, copia de C\u00e9dula de Identidad y Certificado de Calidad Ind\u00edgena emitido por la CONADI, que acredita la pertenencia a un pueblo ind\u00edgena.<\/p>\n","protected":false},"excerpt":{"rendered":"<p>AUDIO : SERNAMEG FERIA INDIGENA Por primera vez, se podr\u00e1 postular online a trav\u00e9s de la p\u00e1gina web sernameg.gob.cl Tras dos a\u00f1os de pandemia, el SernamEG y CONADI, vuelven a convocar a todas las mujeres emprendedoras ind\u00edgenas a postular para ser parte de la IX versi\u00f3n de la Expo Feria,<\/p>\n","protected":false},"author":1,"featured_media":1572,"comment_status":"closed","ping_status":"open","sticky":false,"template":"","format":"standard","meta":{"footnotes":""},"categories":[1],"tags":[],"class_list":["post-1571","post","type-post","status-publish","format-standard","has-post-thumbnail","hentry","category-noticias-regionales"],"_links":{"self":[{"href":"https:\/\/minutaregional.cl\/index.php?rest_route=\/wp\/v2\/posts\/1571","targetHints":{"allow":["GET"]}}],"collection":[{"href":"https:\/\/minutaregional.cl\/index.php?rest_route=\/wp\/v2\/posts"}],"about":[{"href":"https:\/\/minutaregional.cl\/index.php?rest_route=\/wp\/v2\/types\/post"}],"author":[{"embeddable":true,"href":"https:\/\/minutaregional.cl\/index.php?rest_route=\/wp\/v2\/users\/1"}],"replies":[{"embeddable":true,"href":"https:\/\/minutaregional.cl\/index.php?rest_route=%2Fwp%2Fv2%2Fcomments&post=1571"}],"version-history":[{"count":3,"href":"https:\/\/minutaregional.cl\/index.php?rest_route=\/wp\/v2\/posts\/1571\/revisions"}],"predecessor-version":[{"id":1576,"href":"https:\/\/minutaregional.cl\/index.php?rest_route=\/wp\/v2\/posts\/1571\/revisions\/1576"}],"wp:featuredmedia":[{"embeddable":true,"href":"https:\/\/minutaregional.cl\/index.php?rest_route=\/wp\/v2\/media\/1572"}],"wp:attachment":[{"href":"https:\/\/minutaregional.cl\/index.php?rest_route=%2Fwp%2Fv2%2Fmedia&parent=1571"}],"wp:term":[{"taxonomy":"category","embeddable":true,"href":"https:\/\/minutaregional.cl\/index.php?rest_route=%2Fwp%2Fv2%2Fcategories&post=1571"},{"taxonomy":"post_tag","embeddable":true,"href":"https:\/\/minutaregional.cl\/index.php?rest_route=%2Fwp%2Fv2%2Ftags&post=1571"}],"curies":[{"name":"wp","href":"https:\/\/api.w.org\/{rel}","templated":true}]}}