{"id":1561,"date":"2022-08-31T04:40:34","date_gmt":"2022-08-31T04:40:34","guid":{"rendered":"https:\/\/minutaregional.cl\/?p=1561"},"modified":"2022-08-31T04:42:51","modified_gmt":"2022-08-31T04:42:51","slug":"aguas-del-valle-implementara-acciones-especiales-para-plebiscito-de-este-domingo","status":"publish","type":"post","link":"https:\/\/minutaregional.cl\/?p=1561","title":{"rendered":"Aguas del Valle implementar\u00e1 acciones especiales para plebiscito de este domingo"},"content":{"rendered":"<ul>\n<li>La sanitaria adoptar\u00e1 turnos reforzados y equipos operativos para enfrentar emergencias en terreno.<\/li>\n<li>\u00a0Canales de atenci\u00f3n de clientes estar\u00e1n 100 % operativos a trav\u00e9s de la l\u00ednea 600 400 44 44, WhatsApp +56 999000325 y Twitter @aguasdelvalle<\/li>\n<\/ul>\n<p>Regi\u00f3n de Coquimbo, 30 de agosto de 2022. El gerente regional de Aguas del Valle, Andr\u00e9s Nazer, inform\u00f3 que la empresa desarroll\u00f3 una serie de medidas preventivas para mantener la calidad y continuidad de los servicios de agua potable, as\u00ed como tambi\u00e9n la recolecci\u00f3n y tratamiento de aguas servidas durante el desarrollo del Plebiscito Constitucional, que se realizar\u00e1 el pr\u00f3ximo domingo 4 de septiembre.<\/p>\n<p>\u201cHemos activado un plan preventivo, tomando los resguardos necesarios, para mantener la continuidad de nuestros servicios de agua potable y alcantarillado. En especial, reforzaremos los turnos de este fin de semana para priorizar cualquier emergencia que pueda presentarse, con foco en los recintos de votaci\u00f3n de la zona\u201d, coment\u00f3 Nazer.<\/p>\n<p>Nuestros canales de atenci\u00f3n de clientes estar\u00e1n 100% operativos, tanto el fono 600 400 44 44, WhatsApp +56 999000325, as\u00ed como el Twitter @aguasdelvalle. Adicionalmente, reiteramos el llamado a la comunidad, al uso responsable del agua dada la extrema sequ\u00eda que enfrenta la regi\u00f3n y la adecuada utilizaci\u00f3n del alcantarillado, pues se han registrado varios episodios de rebase de esta infraestructura por ingreso de elementos extra\u00f1os a la red, como pa\u00f1ales, trapos, mascarillas, etc.<\/p>\n","protected":false},"excerpt":{"rendered":"<p>La sanitaria adoptar\u00e1 turnos reforzados y equipos operativos para enfrentar emergencias en terreno. \u00a0Canales de atenci\u00f3n de clientes estar\u00e1n 100 % operativos a trav\u00e9s de la l\u00ednea 600 400 44 44, WhatsApp +56 999000325 y Twitter @aguasdelvalle Regi\u00f3n de Coquimbo, 30 de agosto de 2022. El gerente regional de Aguas<\/p>\n","protected":false},"author":1,"featured_media":1564,"comment_status":"closed","ping_status":"open","sticky":false,"template":"","format":"standard","meta":{"footnotes":""},"categories":[45],"tags":[],"class_list":["post-1561","post","type-post","status-publish","format-standard","has-post-thumbnail","hentry","category-aguas-del-valle"],"_links":{"self":[{"href":"https:\/\/minutaregional.cl\/index.php?rest_route=\/wp\/v2\/posts\/1561","targetHints":{"allow":["GET"]}}],"collection":[{"href":"https:\/\/minutaregional.cl\/index.php?rest_route=\/wp\/v2\/posts"}],"about":[{"href":"https:\/\/minutaregional.cl\/index.php?rest_route=\/wp\/v2\/types\/post"}],"author":[{"embeddable":true,"href":"https:\/\/minutaregional.cl\/index.php?rest_route=\/wp\/v2\/users\/1"}],"replies":[{"embeddable":true,"href":"https:\/\/minutaregional.cl\/index.php?rest_route=%2Fwp%2Fv2%2Fcomments&post=1561"}],"version-history":[{"count":1,"href":"https:\/\/minutaregional.cl\/index.php?rest_route=\/wp\/v2\/posts\/1561\/revisions"}],"predecessor-version":[{"id":1563,"href":"https:\/\/minutaregional.cl\/index.php?rest_route=\/wp\/v2\/posts\/1561\/revisions\/1563"}],"wp:featuredmedia":[{"embeddable":true,"href":"https:\/\/minutaregional.cl\/index.php?rest_route=\/wp\/v2\/media\/1564"}],"wp:attachment":[{"href":"https:\/\/minutaregional.cl\/index.php?rest_route=%2Fwp%2Fv2%2Fmedia&parent=1561"}],"wp:term":[{"taxonomy":"category","embeddable":true,"href":"https:\/\/minutaregional.cl\/index.php?rest_route=%2Fwp%2Fv2%2Fcategories&post=1561"},{"taxonomy":"post_tag","embeddable":true,"href":"https:\/\/minutaregional.cl\/index.php?rest_route=%2Fwp%2Fv2%2Ftags&post=1561"}],"curies":[{"name":"wp","href":"https:\/\/api.w.org\/{rel}","templated":true}]}}