{"id":1557,"date":"2022-08-31T02:20:10","date_gmt":"2022-08-31T02:20:10","guid":{"rendered":"https:\/\/minutaregional.cl\/?p=1557"},"modified":"2022-08-31T02:20:10","modified_gmt":"2022-08-31T02:20:10","slug":"diputada-nati-por-agresiones-del-diputado-de-la-carrera","status":"publish","type":"post","link":"https:\/\/minutaregional.cl\/?p=1557","title":{"rendered":"Diputada Nati por Agresiones del Diputado de la Carrera"},"content":{"rendered":"<p>En vistas de los hechos sucedidos durante la tarde hoy, donde el diputado de extrema derecha Gonzalo de la Carrera insulta a la diputada Marcela Riquelme y golpea al vicepresidente de la C\u00e1mara de Diputados y Diputadas, Alexis Sep\u00favleda, manifestamos\u00a0nuestra inter\u00e9s en que el diputado De La Carrera sea cesado de su cargo.<\/p>\n<div>\u00abHemos evidenciado una vez m\u00e1s que la extrema derecha a trav\u00e9s de uno de sus l\u00edderes m\u00e1s representativos hace una agresi\u00f3n verbal y f\u00edsica a un diputado\u00bb, se\u00f1al\u00f3.<\/div>\n<div><\/div>\n<div>\u00abEsperamos que existan sanciones m\u00e1s all\u00e1 de la disciplinaria que aplica el reglamento de la Corporaci\u00f3n y que avancemos a una de las sanciones m\u00e1s altas a trav\u00e9s de las herramientas jur\u00eddicas. No podemos tolerar que la ultraderecha llegue nuevamente con ese esp\u00edritu\u00a0a lugares donde debe primar el debate democr\u00e1tico y el respeto de las personas. Estamos hablando de un Congreso Nacional que debe darle a la ciudadan\u00eda seguridades y certezas respecto a que aqu\u00ed se hace un trabajo serio y responsable, en representaci\u00f3n popular y que nada puede empe\u00f1ar ese mandato.\u00a0<b>Esperamos que Gonzalo De La Carrera tenga una de las sanciones m\u00e1s altas: la cesaci\u00f3n del cargo\u00bb<\/b><\/div>\n","protected":false},"excerpt":{"rendered":"<p>En vistas de los hechos sucedidos durante la tarde hoy, donde el diputado de extrema derecha Gonzalo de la Carrera insulta a la diputada Marcela Riquelme y golpea al vicepresidente de la C\u00e1mara de Diputados y Diputadas, Alexis Sep\u00favleda, manifestamos\u00a0nuestra inter\u00e9s en que el diputado De La Carrera sea cesado<\/p>\n","protected":false},"author":1,"featured_media":1559,"comment_status":"closed","ping_status":"open","sticky":false,"template":"","format":"standard","meta":{"footnotes":""},"categories":[26],"tags":[],"class_list":["post-1557","post","type-post","status-publish","format-standard","has-post-thumbnail","hentry","category-camara-de-diputadas-y-diputados"],"_links":{"self":[{"href":"https:\/\/minutaregional.cl\/index.php?rest_route=\/wp\/v2\/posts\/1557","targetHints":{"allow":["GET"]}}],"collection":[{"href":"https:\/\/minutaregional.cl\/index.php?rest_route=\/wp\/v2\/posts"}],"about":[{"href":"https:\/\/minutaregional.cl\/index.php?rest_route=\/wp\/v2\/types\/post"}],"author":[{"embeddable":true,"href":"https:\/\/minutaregional.cl\/index.php?rest_route=\/wp\/v2\/users\/1"}],"replies":[{"embeddable":true,"href":"https:\/\/minutaregional.cl\/index.php?rest_route=%2Fwp%2Fv2%2Fcomments&post=1557"}],"version-history":[{"count":2,"href":"https:\/\/minutaregional.cl\/index.php?rest_route=\/wp\/v2\/posts\/1557\/revisions"}],"predecessor-version":[{"id":1560,"href":"https:\/\/minutaregional.cl\/index.php?rest_route=\/wp\/v2\/posts\/1557\/revisions\/1560"}],"wp:featuredmedia":[{"embeddable":true,"href":"https:\/\/minutaregional.cl\/index.php?rest_route=\/wp\/v2\/media\/1559"}],"wp:attachment":[{"href":"https:\/\/minutaregional.cl\/index.php?rest_route=%2Fwp%2Fv2%2Fmedia&parent=1557"}],"wp:term":[{"taxonomy":"category","embeddable":true,"href":"https:\/\/minutaregional.cl\/index.php?rest_route=%2Fwp%2Fv2%2Fcategories&post=1557"},{"taxonomy":"post_tag","embeddable":true,"href":"https:\/\/minutaregional.cl\/index.php?rest_route=%2Fwp%2Fv2%2Ftags&post=1557"}],"curies":[{"name":"wp","href":"https:\/\/api.w.org\/{rel}","templated":true}]}}