{"id":1554,"date":"2022-08-31T01:11:33","date_gmt":"2022-08-31T01:11:33","guid":{"rendered":"https:\/\/minutaregional.cl\/?p=1554"},"modified":"2022-08-31T01:11:33","modified_gmt":"2022-08-31T01:11:33","slug":"diputado-manouchehri-por-agresion-de-diputado-de-la-carrera-actua-como-maton-de-barrio","status":"publish","type":"post","link":"https:\/\/minutaregional.cl\/?p=1554","title":{"rendered":"Diputado Manouchehri por Agresi\u00f3n de Diputado de la Carrera: \u201cAct\u00faa como Mat\u00f3n de Barrio\u201d"},"content":{"rendered":"<p style=\"text-align: justify;\">El diputado Gonzalo de la Carrera agredi\u00f3 con golpe de pu\u00f1o en la cara al vicepresidente de la C\u00e1mara de Diputados, Alexis Sep\u00falveda, al cierre de la sesi\u00f3n especial de esta tarde. El hecho gener\u00f3 el repudio transversal de los parlamentarios.<\/p>\n<p style=\"text-align: justify;\">El diputado del PS Daniel Manouchehri repudi\u00f3 lo acontecido. \u201c\u00bfHasta cu\u00e1ndo aguantamos este tipo de actitudes? \u00bfQu\u00e9 le pasa a este hombre? Nosotros no podemos tolerar que en el lugar donde la gente nos elige para venir a legislar, para venir a hacer leyes en su favor, se termine actuando como un energ\u00fameno y como un mat\u00f3n de barrio. \u00a1Esto es intolerable!\u201d, recalc\u00f3.<\/p>\n<p style=\"text-align: justify;\">\u201cNo es primera vez que el diputado de la Carrera act\u00faa as\u00ed en este Congreso\u201d, agreg\u00f3 el legislador en referencia a situaciones denunciadas con anterioridad en este periodo parlamentario. En junio, al cierre de una sesi\u00f3n de la Comisi\u00f3n de Econom\u00eda, de la Carrera agredi\u00f3 f\u00edsicamente a Manouchehri luego de la discusi\u00f3n del proyecto \u201cChao Dicom\u201d. A ra\u00edz del hecho, fue denunciado a la Comisi\u00f3n de \u00c9tica de la C\u00e1mara.<\/p>\n","protected":false},"excerpt":{"rendered":"<p>El diputado Gonzalo de la Carrera agredi\u00f3 con golpe de pu\u00f1o en la cara al vicepresidente de la C\u00e1mara de Diputados, Alexis Sep\u00falveda, al cierre de la sesi\u00f3n especial de esta tarde. El hecho gener\u00f3 el repudio transversal de los parlamentarios. El diputado del PS Daniel Manouchehri repudi\u00f3 lo acontecido.<\/p>\n","protected":false},"author":1,"featured_media":1555,"comment_status":"closed","ping_status":"open","sticky":false,"template":"","format":"standard","meta":{"footnotes":""},"categories":[26],"tags":[],"class_list":["post-1554","post","type-post","status-publish","format-standard","has-post-thumbnail","hentry","category-camara-de-diputadas-y-diputados"],"_links":{"self":[{"href":"https:\/\/minutaregional.cl\/index.php?rest_route=\/wp\/v2\/posts\/1554","targetHints":{"allow":["GET"]}}],"collection":[{"href":"https:\/\/minutaregional.cl\/index.php?rest_route=\/wp\/v2\/posts"}],"about":[{"href":"https:\/\/minutaregional.cl\/index.php?rest_route=\/wp\/v2\/types\/post"}],"author":[{"embeddable":true,"href":"https:\/\/minutaregional.cl\/index.php?rest_route=\/wp\/v2\/users\/1"}],"replies":[{"embeddable":true,"href":"https:\/\/minutaregional.cl\/index.php?rest_route=%2Fwp%2Fv2%2Fcomments&post=1554"}],"version-history":[{"count":1,"href":"https:\/\/minutaregional.cl\/index.php?rest_route=\/wp\/v2\/posts\/1554\/revisions"}],"predecessor-version":[{"id":1556,"href":"https:\/\/minutaregional.cl\/index.php?rest_route=\/wp\/v2\/posts\/1554\/revisions\/1556"}],"wp:featuredmedia":[{"embeddable":true,"href":"https:\/\/minutaregional.cl\/index.php?rest_route=\/wp\/v2\/media\/1555"}],"wp:attachment":[{"href":"https:\/\/minutaregional.cl\/index.php?rest_route=%2Fwp%2Fv2%2Fmedia&parent=1554"}],"wp:term":[{"taxonomy":"category","embeddable":true,"href":"https:\/\/minutaregional.cl\/index.php?rest_route=%2Fwp%2Fv2%2Fcategories&post=1554"},{"taxonomy":"post_tag","embeddable":true,"href":"https:\/\/minutaregional.cl\/index.php?rest_route=%2Fwp%2Fv2%2Ftags&post=1554"}],"curies":[{"name":"wp","href":"https:\/\/api.w.org\/{rel}","templated":true}]}}