{"id":1549,"date":"2022-08-30T18:12:10","date_gmt":"2022-08-30T18:12:10","guid":{"rendered":"https:\/\/minutaregional.cl\/?p=1549"},"modified":"2022-08-30T18:15:16","modified_gmt":"2022-08-30T18:15:16","slug":"ceremonia-aniversario-n119-en-escuela-juan-carrasco-risco","status":"publish","type":"post","link":"https:\/\/minutaregional.cl\/?p=1549","title":{"rendered":"CEREMONIA ANIVERSARIO N\u00b0119 EN ESCUELA JUAN CARRASCO RISCO"},"content":{"rendered":"<p>La Escuela Juan Carraco Risco realiz\u00f3 ceremonia en el marco del aniversario n\u00b0119 del establecimiento educacional.<\/p>\n<p>La ceremonia cont\u00f3 con la presencia del alcalde de la comuna, Denis Cort\u00e9s Aguilera; la directora de la escuela, Raquel Rojas; el representante del Departamento de Administraci\u00f3n de Educaci\u00f3n Municipal, Javier Tapia; la presidenta del Centro General de Padres y Apoderados, Cecilia Guerra y la comunidad educativa de la Escuela.<\/p>\n<p>Durante la semana, docentes, estudiantes, padres y apoderados participaron en diversas actividades en torno a la celebraci\u00f3n, ya sea, deportes, m\u00fasica, mateada, comparsa y finalizando con la emotiva ceremonia que premi\u00f3 los a\u00f1os de trabajo de la docente Cinthia Hern\u00e1ndez Polo que con su labor y dedicaci\u00f3n encarna el esp\u00edritu educativo de esta hist\u00f3rica instituci\u00f3n.<\/p>\n<p>La solidaridad no qued\u00f3 ajena a esta celebraci\u00f3n, los estudiantes y profesores de la Escuela Juan Carrasco Risco, realizaron campa\u00f1as y trabajaron en casas hechas con materiales reciclables, como botellas, pl\u00e1sticos, maderas etc. cuya donaci\u00f3n fue para la Agrupaci\u00f3n Cuatro Patitas, asociaci\u00f3n sin fines de lucro que siempre est\u00e1 dispuesta a ayudar a los sin voz.<\/p>\n<p>Visite, comparta y suscr\u00edbase al canal de noticias de YouTube y nuestro sitio web<\/p>\n<p>https:\/\/www.youtube.com\/channel\/UCKqVGapJI4lbTFpKPdsEiOg<\/p>\n<p>www.daemillapel.cl<\/p>\n","protected":false},"excerpt":{"rendered":"<p>La Escuela Juan Carraco Risco realiz\u00f3 ceremonia en el marco del aniversario n\u00b0119 del establecimiento educacional. La ceremonia cont\u00f3 con la presencia del alcalde de la comuna, Denis Cort\u00e9s Aguilera; la directora de la escuela, Raquel Rojas; el representante del Departamento de Administraci\u00f3n de Educaci\u00f3n Municipal, Javier Tapia; la presidenta<\/p>\n","protected":false},"author":1,"featured_media":1550,"comment_status":"closed","ping_status":"open","sticky":false,"template":"","format":"standard","meta":{"footnotes":""},"categories":[22],"tags":[],"class_list":["post-1549","post","type-post","status-publish","format-standard","has-post-thumbnail","hentry","category-muni-illapel"],"_links":{"self":[{"href":"https:\/\/minutaregional.cl\/index.php?rest_route=\/wp\/v2\/posts\/1549","targetHints":{"allow":["GET"]}}],"collection":[{"href":"https:\/\/minutaregional.cl\/index.php?rest_route=\/wp\/v2\/posts"}],"about":[{"href":"https:\/\/minutaregional.cl\/index.php?rest_route=\/wp\/v2\/types\/post"}],"author":[{"embeddable":true,"href":"https:\/\/minutaregional.cl\/index.php?rest_route=\/wp\/v2\/users\/1"}],"replies":[{"embeddable":true,"href":"https:\/\/minutaregional.cl\/index.php?rest_route=%2Fwp%2Fv2%2Fcomments&post=1549"}],"version-history":[{"count":3,"href":"https:\/\/minutaregional.cl\/index.php?rest_route=\/wp\/v2\/posts\/1549\/revisions"}],"predecessor-version":[{"id":1553,"href":"https:\/\/minutaregional.cl\/index.php?rest_route=\/wp\/v2\/posts\/1549\/revisions\/1553"}],"wp:featuredmedia":[{"embeddable":true,"href":"https:\/\/minutaregional.cl\/index.php?rest_route=\/wp\/v2\/media\/1550"}],"wp:attachment":[{"href":"https:\/\/minutaregional.cl\/index.php?rest_route=%2Fwp%2Fv2%2Fmedia&parent=1549"}],"wp:term":[{"taxonomy":"category","embeddable":true,"href":"https:\/\/minutaregional.cl\/index.php?rest_route=%2Fwp%2Fv2%2Fcategories&post=1549"},{"taxonomy":"post_tag","embeddable":true,"href":"https:\/\/minutaregional.cl\/index.php?rest_route=%2Fwp%2Fv2%2Ftags&post=1549"}],"curies":[{"name":"wp","href":"https:\/\/api.w.org\/{rel}","templated":true}]}}