{"id":1539,"date":"2022-08-30T12:47:39","date_gmt":"2022-08-30T12:47:39","guid":{"rendered":"https:\/\/minutaregional.cl\/?p=1539"},"modified":"2022-08-30T17:02:15","modified_gmt":"2022-08-30T17:02:15","slug":"fablab-mostro-todo-el-potencial-tecnologico-de-la-facultad-de-ingenieria-en-una-nueva-version-de-bibliogame","status":"publish","type":"post","link":"https:\/\/minutaregional.cl\/?p=1539","title":{"rendered":"FABLAB mostr\u00f3 todo el potencial tecnol\u00f3gico de la Facultad de Ingenier\u00eda en una nueva versi\u00f3n de Bibliogame"},"content":{"rendered":"<p style=\"text-align: justify;\"><em>La actividad fue organizada por la Biblioteca Regional Gabriela Mistral y tuvo como objetivo celebrar el d\u00eda del gamer y con esto, acercar nuevas herramientas innovadoras de aprendizaje a todo p\u00fablico.<\/em><\/p>\n<p style=\"text-align: justify;\">Hasta Juan Jos\u00e9 Latorre #782 lleg\u00f3 el equipo FABLAB FIULS quienes, con su Tecnostand, fueron protagonistas de mostrar todo el potencial tecnol\u00f3gico que posee el actual \u00e1rea de prototipado ULS. \u00a0Fueron m\u00e1s de 100 personas las que llegaron hasta el tercer piso de la Biblioteca Regional Gabriela Mistral quienes aprovecharon la oportunidad para interactuar con los diferentes implementos relacionados a la impresi\u00f3n 3D, placas de desarrollo, prototipos en arduinos, realidad virtual, entre otras.<\/p>\n<p style=\"text-align: justify;\">Marcelo Ch\u00e1vez, analista programador y profesional del FABLAB, mencion\u00f3 que \u201c<strong>gran parte de las dudas e inter\u00e9s de la gente fue todo sobre lo relacionado con impresiones 3D y como adquirir estos equipos, adem\u00e1s del mundo inmersivo de la realidad virtual<\/strong>\u201d.<\/p>\n<p style=\"text-align: justify;\">En tanto Crist\u00f3bal Rivas, encargado de operaciones FABLAB, valor\u00f3 de manera positiva esta instancia la cual naci\u00f3 como un trabajo colaborativo junto a la Biblioteca Regional. \u201c<strong>Como equipo, estamos muy agradecidos de haber participado en una jornada como esta, la cual permite democratizar la tecnolog\u00eda y posicionar el quehacer de nuestro espacio entre la comunidad local y regional. Esperamos seguir participando en las pr\u00f3ximas actividades que puedan surgir y mostrar el potencial que tiene la Facultad de Ingenier\u00eda con la tecnolog\u00eda disponible para motivar e incentivar la matricula en nuestra casa de estudios, asimismo dar paso a que FABLAB FIULS se posicione como un agente clave en la innovaci\u00f3n, el prototipado y el emprendimiento<\/strong>\u201d, declar\u00f3 Rivas.<\/p>\n<p style=\"text-align: justify;\">Cabe destacar que esta es la segunda instancia masiva en la que el FABLAB muestra su potencial al p\u00fablico externo, habiendo participado anteriormente en la \u00abExpo Econom\u00eda Circular\u00bb, organizada por la Municipalidad de La Serena y SERCOTEC.<\/p>\n<p style=\"text-align: justify;\">\n","protected":false},"excerpt":{"rendered":"<p>La actividad fue organizada por la Biblioteca Regional Gabriela Mistral y tuvo como objetivo celebrar el d\u00eda del gamer y con esto, acercar nuevas herramientas innovadoras de aprendizaje a todo p\u00fablico. Hasta Juan Jos\u00e9 Latorre #782 lleg\u00f3 el equipo FABLAB FIULS quienes, con su Tecnostand, fueron protagonistas de mostrar todo<\/p>\n","protected":false},"author":1,"featured_media":1540,"comment_status":"closed","ping_status":"open","sticky":false,"template":"","format":"standard","meta":{"footnotes":""},"categories":[21,39,8],"tags":[],"class_list":["post-1539","post","type-post","status-publish","format-standard","has-post-thumbnail","hentry","category-municipalidades","category-sercotec","category-columna-de-opinion"],"_links":{"self":[{"href":"https:\/\/minutaregional.cl\/index.php?rest_route=\/wp\/v2\/posts\/1539","targetHints":{"allow":["GET"]}}],"collection":[{"href":"https:\/\/minutaregional.cl\/index.php?rest_route=\/wp\/v2\/posts"}],"about":[{"href":"https:\/\/minutaregional.cl\/index.php?rest_route=\/wp\/v2\/types\/post"}],"author":[{"embeddable":true,"href":"https:\/\/minutaregional.cl\/index.php?rest_route=\/wp\/v2\/users\/1"}],"replies":[{"embeddable":true,"href":"https:\/\/minutaregional.cl\/index.php?rest_route=%2Fwp%2Fv2%2Fcomments&post=1539"}],"version-history":[{"count":2,"href":"https:\/\/minutaregional.cl\/index.php?rest_route=\/wp\/v2\/posts\/1539\/revisions"}],"predecessor-version":[{"id":1548,"href":"https:\/\/minutaregional.cl\/index.php?rest_route=\/wp\/v2\/posts\/1539\/revisions\/1548"}],"wp:featuredmedia":[{"embeddable":true,"href":"https:\/\/minutaregional.cl\/index.php?rest_route=\/wp\/v2\/media\/1540"}],"wp:attachment":[{"href":"https:\/\/minutaregional.cl\/index.php?rest_route=%2Fwp%2Fv2%2Fmedia&parent=1539"}],"wp:term":[{"taxonomy":"category","embeddable":true,"href":"https:\/\/minutaregional.cl\/index.php?rest_route=%2Fwp%2Fv2%2Fcategories&post=1539"},{"taxonomy":"post_tag","embeddable":true,"href":"https:\/\/minutaregional.cl\/index.php?rest_route=%2Fwp%2Fv2%2Ftags&post=1539"}],"curies":[{"name":"wp","href":"https:\/\/api.w.org\/{rel}","templated":true}]}}