{"id":1536,"date":"2022-08-29T22:24:22","date_gmt":"2022-08-29T22:24:22","guid":{"rendered":"https:\/\/minutaregional.cl\/?p=1536"},"modified":"2022-08-29T22:24:22","modified_gmt":"2022-08-29T22:24:22","slug":"facultad-de-ingenieria-celebro-su-41-aniversario","status":"publish","type":"post","link":"https:\/\/minutaregional.cl\/?p=1536","title":{"rendered":"Facultad de Ingenier\u00eda celebr\u00f3 su 41\u00b0 aniversario"},"content":{"rendered":"<p style=\"text-align: justify;\"><em>La celebraci\u00f3n de este acto dio el puntapi\u00e9 inicial a una serie de actividades organizadas por las diferentes unidades acad\u00e9micas que tiene la Facultad para conmemorar este nuevo aniversario.<\/em><\/p>\n<p style=\"text-align: justify;\">Con una ceremonia en el Aula Magna de la Universidad de La Serena, la Facultad de Ingenier\u00eda celebr\u00f3 sus 41 a\u00f1os como organismo educativo y formador de profesionales en torno a las diferentes ramas de la ingenier\u00eda, instancia que cont\u00f3 con la presencia del Rector de la casa de estudios, Dr. Nibaldo Avil\u00e9s Pizarro y diferentes autoridades regionales, acad\u00e9micos y funcionarios.<\/p>\n<p style=\"text-align: justify;\">La actividad inici\u00f3 con la cuenta p\u00fablica del Decano Dr. Ing. Mauricio Godoy Seura, quien realiz\u00f3 un balance de los trabajos realizados en las diferentes unidades acad\u00e9micas de la Facultad en torno a estos \u00faltimos a\u00f1os y los pasos que se tomar\u00e1n para seguir mejorando la calidad de educaci\u00f3n que le entregan a cada uno de sus estudiantes. \u201c<strong>Actualmente tenemos un presente marcado e impulsado por las nuevas tecnolog\u00edas y es en ese sentido que vamos a seguir avanzando para que los verdaderos cambios se vean reflejado en nuestra regi\u00f3n y el pa\u00eds a trav\u00e9s de nuestros profesionales<\/strong>\u201d, mencion\u00f3 la m\u00e1xima autoridad de la Facultad.<\/p>\n<p style=\"text-align: justify;\">Junto a lo anteriormente se\u00f1alado, y en el marco de seguir generando instancias que aporten hacia el desarrollo de nuevas competencias para los profesionales y el entorno de la Regi\u00f3n de Coquimbo, los ex alumnos de la Facultad de Ingenier\u00eda y actuales seremis Mar\u00eda Castillo Rojas (Energ\u00eda) y Leonardo Gros P\u00e9rez (Medio Ambiente) realizaron conferencias ligadas al panorama que actualmente se vive en la regi\u00f3n en ambas carteras de gobierno y como la Facultad de Ingenier\u00eda puede aportar para mejorar estas situaciones.<\/p>\n<p style=\"text-align: justify;\">Leonardo Gros P\u00e9rez, Seremi del Medio Ambiente de la Regi\u00f3n de Coquimbo, destac\u00f3 el proceso de cambio que ha tenido la facultad desde su \u00e9poca como estudiante y como esta va encaminada a contribuir cambios relacionados con el medio ambiente, la construcci\u00f3n y otras \u00e1reas. \u201c<strong>Hemos tenido la oportunidad de poder transferir algunas ideas respecto a los desaf\u00edos que tiene la universidad por delante. Yo creo que el encuentro entre los dos mundos (urbano y rural) va a permitir el desarrollo cient\u00edfico constante y una mejor y eficiente toma de decisiones<\/strong>\u201d, declar\u00f3 el Seremi de Medio Ambiente.<\/p>\n<p style=\"text-align: justify;\">El acto finaliz\u00f3 con la presentaci\u00f3n de la banda juvenil del departamento de m\u00fasica de la Universidad de La Serena, en el Patio Ingl\u00e9s del campus Ignacio Domeyko, quienes interpretaron una serie de canciones para celebrar este nuevo a\u00f1o de la Facultad de Ingenier\u00eda.<\/p>\n","protected":false},"excerpt":{"rendered":"<p>La celebraci\u00f3n de este acto dio el puntapi\u00e9 inicial a una serie de actividades organizadas por las diferentes unidades acad\u00e9micas que tiene la Facultad para conmemorar este nuevo aniversario. Con una ceremonia en el Aula Magna de la Universidad de La Serena, la Facultad de Ingenier\u00eda celebr\u00f3 sus 41 a\u00f1os<\/p>\n","protected":false},"author":1,"featured_media":1537,"comment_status":"closed","ping_status":"open","sticky":false,"template":"","format":"standard","meta":{"footnotes":""},"categories":[8],"tags":[],"class_list":["post-1536","post","type-post","status-publish","format-standard","has-post-thumbnail","hentry","category-columna-de-opinion"],"_links":{"self":[{"href":"https:\/\/minutaregional.cl\/index.php?rest_route=\/wp\/v2\/posts\/1536","targetHints":{"allow":["GET"]}}],"collection":[{"href":"https:\/\/minutaregional.cl\/index.php?rest_route=\/wp\/v2\/posts"}],"about":[{"href":"https:\/\/minutaregional.cl\/index.php?rest_route=\/wp\/v2\/types\/post"}],"author":[{"embeddable":true,"href":"https:\/\/minutaregional.cl\/index.php?rest_route=\/wp\/v2\/users\/1"}],"replies":[{"embeddable":true,"href":"https:\/\/minutaregional.cl\/index.php?rest_route=%2Fwp%2Fv2%2Fcomments&post=1536"}],"version-history":[{"count":1,"href":"https:\/\/minutaregional.cl\/index.php?rest_route=\/wp\/v2\/posts\/1536\/revisions"}],"predecessor-version":[{"id":1538,"href":"https:\/\/minutaregional.cl\/index.php?rest_route=\/wp\/v2\/posts\/1536\/revisions\/1538"}],"wp:featuredmedia":[{"embeddable":true,"href":"https:\/\/minutaregional.cl\/index.php?rest_route=\/wp\/v2\/media\/1537"}],"wp:attachment":[{"href":"https:\/\/minutaregional.cl\/index.php?rest_route=%2Fwp%2Fv2%2Fmedia&parent=1536"}],"wp:term":[{"taxonomy":"category","embeddable":true,"href":"https:\/\/minutaregional.cl\/index.php?rest_route=%2Fwp%2Fv2%2Fcategories&post=1536"},{"taxonomy":"post_tag","embeddable":true,"href":"https:\/\/minutaregional.cl\/index.php?rest_route=%2Fwp%2Fv2%2Ftags&post=1536"}],"curies":[{"name":"wp","href":"https:\/\/api.w.org\/{rel}","templated":true}]}}