{"id":1532,"date":"2022-08-29T17:29:21","date_gmt":"2022-08-29T17:29:21","guid":{"rendered":"https:\/\/minutaregional.cl\/?p=1532"},"modified":"2022-08-29T17:29:21","modified_gmt":"2022-08-29T17:29:21","slug":"mas-de-700-estudiantes-participaron-en-proyecto-de-la-ucn-sobre-emprendimiento-escolar","status":"publish","type":"post","link":"https:\/\/minutaregional.cl\/?p=1532","title":{"rendered":"M\u00e1s de 700 estudiantes participaron en proyecto de la UCN  sobre emprendimiento Escolar"},"content":{"rendered":"<p style=\"text-align: justify;\">El proyecto Ecosistemas de Emprendimiento para los Liceos T\u00e9cnicos de la Regi\u00f3n de Coquimbo, financiado por el <a href=\"https:\/\/www.gorecoquimbo.cl\/\">Gobierno Regional<\/a>, a trav\u00e9s del Fondo de Innovaci\u00f3n para la Competitividad FIC, fue el \u00fanico en el \u00e1mbito de la Educaci\u00f3n Media T\u00e9cnico Profesional en recibir este aporte.<\/p>\n<p style=\"text-align: justify;\">La iniciativa fue ejecutada por profesionales y acad\u00e9micos (as) de la <a href=\"https:\/\/www.ucn.cl\/sobre-ucn\/vicerrectorias\/vicerrectoria-de-sede\/escuela-de-ciencias-empresariales-coquimbo\/\">Escuela de Ciencias Empresariales de la Universidad Cat\u00f3lica del Norte<\/a>, encabezados por la Doctora Paulina Guti\u00e9rrez Zepeda, y adem\u00e1s cont\u00f3 con el apoyo del <a href=\"https:\/\/puertocordillera.educacionpublica.cl\/\">Servicio Local de Educaci\u00f3n Puerto Cordillera<\/a> del Ministerio de Educaci\u00f3n y la <a href=\"https:\/\/crdp.cl\/\">Corporaci\u00f3n Regional de Desarrollo Productivo (CRDP)<\/a><\/p>\n<p style=\"text-align: justify;\">\u201cHemos logrado impactar a m\u00e1s de 700 estudiantes, cerca de 20 profesores (as) certificados en metodolog\u00edas activas de ense\u00f1anza; implementamos 4 coworks o espacios colaborativos, y hoy contamos con 27 monitores certificados entre nuestros estudiantes UCN, adem\u00e1s de sensibilizar a las familias y el entorno respecto de esta nueva mirada de la ense\u00f1anza del emprendimiento y la innovaci\u00f3n\u201d, explic\u00f3 la Doctora Guti\u00e9rrez.<\/p>\n<p style=\"text-align: justify;\"><strong>Nuevos espacios para la innovaci\u00f3n y el emprendimiento <\/strong><\/p>\n<p style=\"text-align: justify;\">As\u00ed, docentes y estudiantes de 8 establecimientos de Coquimbo, Los Vilos, Monte Patria, Andacollo y La Serena, pudieron adquirir competencias para desarrollar proyectos personales, la habilidad emprendedora y la capacidad de pensar distinto, aspectos fundamentales en las habilidades del siglo XXI.<\/p>\n<p style=\"text-align: justify;\">\u201cHoy vemos los frutos de un esfuerzo compartido, donde la invitaci\u00f3n principal es a los y las j\u00f3venes a romper esquemas, ser creativos y atreverse. Queremos que estas competencias les acompa\u00f1en, y que les permitan desarrollar sus propios proyectos empresariales y\/o considerar nuevas opciones de desarrollo futuro\u201d, expres\u00f3 en la ceremonia de cierre, la Secretaria de <a href=\"https:\/\/www.ucn.cl\/sobre-ucn\/rectoria\/direccion-general-de-vinculacion-con-el-medio\/\">Vinculaci\u00f3n con el Medio de la Universidad Cat\u00f3lica del Norte<\/a> Sede Coquimbo, Paula Cavieres Zepeda.<\/p>\n<p style=\"text-align: justify;\">En representaci\u00f3n de la Gobernadora de la Regi\u00f3n de Coquimbo, Krist Naranjo Pe\u00f1aloza, la jefa de Divisi\u00f3n de Fomento e Industria del Gobierno Regional Lorena Sandoval Veloso, destac\u00f3 el aporte del proyecto para las y los j\u00f3venes de las comunas beneficiarias, indicando que \u201cestamos seguros de que los estudiantes beneficiados ya son emprendedores, ya que por el solo hecho de levantarse y decidir asistir a clases los hace diferentes al enfrentar la vida con una mirada emprendedora\u201d.<\/p>\n<p style=\"text-align: justify;\"><strong>\u00a0<\/strong><strong>La importancia del trabajo en equipo<\/strong><\/p>\n<p style=\"text-align: justify;\">Uno de los estudiantes que particip\u00f3 en el proyecto fue Rafael Labra Polhwein, egresado del Liceo Carmen Aurora Rodr\u00edguez de Tongoy y actual alumno de la carrera de Ingenier\u00eda Civil Industrial de la UCN, quien explic\u00f3 que desde el a\u00f1o 2018 que el Liceo es parte del proyecto, en cuyo contexto con compa\u00f1eros visitaron la Universidad, de la que dijo se \u201cenamor\u00f3\u201d. \u201cEsta es una actividad que desarrolla mucho el trabajo en equipo, lo que es muy importante para la universidad, el emprendimiento y temas para mejorar a nivel personal\u201d, enfatiz\u00f3.<\/p>\n<p style=\"text-align: justify;\">Como parte de la iniciativa se cont\u00f3 con monitores y monitoras, Valentina Contreras Bugue\u00f1o fue una de ellas. La estudiante de Ingenier\u00eda en Informaci\u00f3n y Control de Gesti\u00f3n de la UCN, destac\u00f3 que el proyecto le mostr\u00f3 que las cosas se pueden hacer de manera m\u00e1s l\u00fadica y se puede aprender de una forma m\u00e1s real. Valentina resalt\u00f3 que la experiencia fue muy satisfactoria y su labor con los estudiantes le aport\u00f3 mucha experiencia para trabajar las habilidades blandas.<\/p>\n<p style=\"text-align: justify;\"><strong>Herramientas para el futuro<\/strong><\/p>\n<p style=\"text-align: justify;\">Uno de los establecimientos beneficiados con el proyecto es el Liceo Carmen Rodr\u00edguez de Tongoy, cuya Directora Perla Araya Y\u00e1\u00f1ez, resalt\u00f3 la importancia del proyecto \u201cha sido muy importante tener nuevas herramientas para los j\u00f3venes, las que tienen que ver con el emprendimiento, que a futuro les puedan dar empleabilidad. Es una oportunidad que nos dio la Universidad Cat\u00f3lica del Norte, junto a otros liceos, de trabajar en estas nuevas iniciativas de emprendimientos\u201d.<\/p>\n<p style=\"text-align: justify;\">Mientras que Osvaldo Carvajal Castro, docente TP del Instituto Superior de Comercio, al referirse a la experiencia de ser parte del proyecto destac\u00f3 que la manera de ense\u00f1ar le ha servido bastante, m\u00e1s considerando que tras la pandemia hay alumnos con problemas socio-emocionales muy fuertes, por ello enfatiz\u00f3, la manera de llegar a ellos es con actividades l\u00fadicas y creatividad, lo que no se ten\u00eda en los sistemas antiguos.<\/p>\n","protected":false},"excerpt":{"rendered":"<p>El proyecto Ecosistemas de Emprendimiento para los Liceos T\u00e9cnicos de la Regi\u00f3n de Coquimbo, financiado por el Gobierno Regional, a trav\u00e9s del Fondo de Innovaci\u00f3n para la Competitividad FIC, fue el \u00fanico en el \u00e1mbito de la Educaci\u00f3n Media T\u00e9cnico Profesional en recibir este aporte. La iniciativa fue ejecutada por<\/p>\n","protected":false},"author":1,"featured_media":1533,"comment_status":"closed","ping_status":"open","sticky":false,"template":"","format":"standard","meta":{"footnotes":""},"categories":[8],"tags":[],"class_list":["post-1532","post","type-post","status-publish","format-standard","has-post-thumbnail","hentry","category-columna-de-opinion"],"_links":{"self":[{"href":"https:\/\/minutaregional.cl\/index.php?rest_route=\/wp\/v2\/posts\/1532","targetHints":{"allow":["GET"]}}],"collection":[{"href":"https:\/\/minutaregional.cl\/index.php?rest_route=\/wp\/v2\/posts"}],"about":[{"href":"https:\/\/minutaregional.cl\/index.php?rest_route=\/wp\/v2\/types\/post"}],"author":[{"embeddable":true,"href":"https:\/\/minutaregional.cl\/index.php?rest_route=\/wp\/v2\/users\/1"}],"replies":[{"embeddable":true,"href":"https:\/\/minutaregional.cl\/index.php?rest_route=%2Fwp%2Fv2%2Fcomments&post=1532"}],"version-history":[{"count":1,"href":"https:\/\/minutaregional.cl\/index.php?rest_route=\/wp\/v2\/posts\/1532\/revisions"}],"predecessor-version":[{"id":1534,"href":"https:\/\/minutaregional.cl\/index.php?rest_route=\/wp\/v2\/posts\/1532\/revisions\/1534"}],"wp:featuredmedia":[{"embeddable":true,"href":"https:\/\/minutaregional.cl\/index.php?rest_route=\/wp\/v2\/media\/1533"}],"wp:attachment":[{"href":"https:\/\/minutaregional.cl\/index.php?rest_route=%2Fwp%2Fv2%2Fmedia&parent=1532"}],"wp:term":[{"taxonomy":"category","embeddable":true,"href":"https:\/\/minutaregional.cl\/index.php?rest_route=%2Fwp%2Fv2%2Fcategories&post=1532"},{"taxonomy":"post_tag","embeddable":true,"href":"https:\/\/minutaregional.cl\/index.php?rest_route=%2Fwp%2Fv2%2Ftags&post=1532"}],"curies":[{"name":"wp","href":"https:\/\/api.w.org\/{rel}","templated":true}]}}