{"id":1529,"date":"2022-08-29T17:08:08","date_gmt":"2022-08-29T17:08:08","guid":{"rendered":"https:\/\/minutaregional.cl\/?p=1529"},"modified":"2022-08-29T17:08:08","modified_gmt":"2022-08-29T17:08:08","slug":"escuela-camilo-henriquez-celebra-mes-de-la-ninez-con-visita-al-cine","status":"publish","type":"post","link":"https:\/\/minutaregional.cl\/?p=1529","title":{"rendered":"ESCUELA CAMILO HENR\u00cdQUEZ CELEBRA MES DE LA NI\u00d1EZ CON VISITA AL CINE"},"content":{"rendered":"<p>Con el prop\u00f3sito de festejar a los ni\u00f1os y ni\u00f1as en el mes de la ni\u00f1ez, la Escuela Camilo Henr\u00edquez del sector de Canelillo, realiz\u00f3 una visita al cine de la ciudad de Illapel, donde los estudiantes de primer y segundo ciclo pudieron compartir y disfrutar de una entretenida pel\u00edcula animada junto a sus profesores y el director del establecimiento.<\/p>\n<p>Con palomitas de ma\u00edz y bebidas, los estudiantes de la escuela salieron contentos e impresionados, ya que, algunos peque\u00f1os y peque\u00f1as no hab\u00edan experimentado la experiencia de estar en una sala de cine.<\/p>\n<p>El equipo directivo del establecimiento realiz\u00f3 esta actividad de esparcimiento bajo el Programa de Mejoras Educativas, cuya funci\u00f3n es que el ni\u00f1o, ni\u00f1a y adolescente desarrolle sus emociones, el trabajo colaborativo y mejoras en el desempe\u00f1o escolar.<\/p>\n<p><strong>Visite, comparta y suscr\u00edbase al canal de noticias de YouTube y nuestro sitio web<\/strong><\/p>\n<p><strong>\u00a0<\/strong><\/p>\n<p><a href=\"https:\/\/www.youtube.com\/channel\/UCKqVGapJI4lbTFpKPdsEiOg\"><strong>https:\/\/www.youtube.com\/channel\/UCKqVGapJI4lbTFpKPdsEiOg<\/strong><\/a><\/p>\n<p><strong>\u00a0<\/strong><\/p>\n<p><a href=\"http:\/\/www.daemillapel.cl\"><strong>www.daemillapel.cl<\/strong><\/a><\/p>\n<p><strong>\u00a0<\/strong><\/p>\n","protected":false},"excerpt":{"rendered":"<p>Con el prop\u00f3sito de festejar a los ni\u00f1os y ni\u00f1as en el mes de la ni\u00f1ez, la Escuela Camilo Henr\u00edquez del sector de Canelillo, realiz\u00f3 una visita al cine de la ciudad de Illapel, donde los estudiantes de primer y segundo ciclo pudieron compartir y disfrutar de una entretenida pel\u00edcula<\/p>\n","protected":false},"author":1,"featured_media":1530,"comment_status":"closed","ping_status":"open","sticky":false,"template":"","format":"standard","meta":{"footnotes":""},"categories":[22],"tags":[],"class_list":["post-1529","post","type-post","status-publish","format-standard","has-post-thumbnail","hentry","category-muni-illapel"],"_links":{"self":[{"href":"https:\/\/minutaregional.cl\/index.php?rest_route=\/wp\/v2\/posts\/1529","targetHints":{"allow":["GET"]}}],"collection":[{"href":"https:\/\/minutaregional.cl\/index.php?rest_route=\/wp\/v2\/posts"}],"about":[{"href":"https:\/\/minutaregional.cl\/index.php?rest_route=\/wp\/v2\/types\/post"}],"author":[{"embeddable":true,"href":"https:\/\/minutaregional.cl\/index.php?rest_route=\/wp\/v2\/users\/1"}],"replies":[{"embeddable":true,"href":"https:\/\/minutaregional.cl\/index.php?rest_route=%2Fwp%2Fv2%2Fcomments&post=1529"}],"version-history":[{"count":1,"href":"https:\/\/minutaregional.cl\/index.php?rest_route=\/wp\/v2\/posts\/1529\/revisions"}],"predecessor-version":[{"id":1531,"href":"https:\/\/minutaregional.cl\/index.php?rest_route=\/wp\/v2\/posts\/1529\/revisions\/1531"}],"wp:featuredmedia":[{"embeddable":true,"href":"https:\/\/minutaregional.cl\/index.php?rest_route=\/wp\/v2\/media\/1530"}],"wp:attachment":[{"href":"https:\/\/minutaregional.cl\/index.php?rest_route=%2Fwp%2Fv2%2Fmedia&parent=1529"}],"wp:term":[{"taxonomy":"category","embeddable":true,"href":"https:\/\/minutaregional.cl\/index.php?rest_route=%2Fwp%2Fv2%2Fcategories&post=1529"},{"taxonomy":"post_tag","embeddable":true,"href":"https:\/\/minutaregional.cl\/index.php?rest_route=%2Fwp%2Fv2%2Ftags&post=1529"}],"curies":[{"name":"wp","href":"https:\/\/api.w.org\/{rel}","templated":true}]}}