{"id":1526,"date":"2022-08-29T16:26:56","date_gmt":"2022-08-29T16:26:56","guid":{"rendered":"https:\/\/minutaregional.cl\/?p=1526"},"modified":"2022-08-29T16:26:56","modified_gmt":"2022-08-29T16:26:56","slug":"diputado-manouchehri-bolsonaro-es-un-mentiroso-compulsivo-que-agrede-a-todo-chile-para-ganar-votos","status":"publish","type":"post","link":"https:\/\/minutaregional.cl\/?p=1526","title":{"rendered":"Diputado Manouchehri: \u201cBolsonaro es un mentiroso compulsivo que agrede a todo Chile para ganar votos\u201d"},"content":{"rendered":"<p>En un debate televisado previo a las elecciones presidenciales de Brasil, el mandatario Jair Bolsonaro acus\u00f3 que el Presidente Gabriel Boric \u201cpractic\u00f3 actos de prender fuego al Metro\u201d. Esto mientras cuestion\u00f3 a su contendor, Luiz In\u00e1cio Lula da Silva, por su relaci\u00f3n pol\u00edtica con algunos jefes de gobierno de Latinoam\u00e9rica.<\/p>\n<p>El diputado socialista Daniel Manouchehri fustig\u00f3 el emplazamiento al mandatario chileno, indicando que \u201cel presidente Bolsonaro es un mentiroso compulsivo que agrede a todo Chile para ganar votos en su pa\u00eds. No hay ning\u00fan antecedente que vincule al presidente Boric con la quema del Metro\u201d.<\/p>\n<p>A su vez, el legislador se\u00f1al\u00f3 que \u201ccuando se levantan este tipo de infundios, se est\u00e1 atacando a todo el pa\u00eds. Espero que aquellos que se venden de patriotas, sepan defender la patria y rechacen con fuerza los ataques cobardes e infundados de Bolsonaro contra el Presidente de nuestro pa\u00eds\u201d.<\/p>\n","protected":false},"excerpt":{"rendered":"<p>En un debate televisado previo a las elecciones presidenciales de Brasil, el mandatario Jair Bolsonaro acus\u00f3 que el Presidente Gabriel Boric \u201cpractic\u00f3 actos de prender fuego al Metro\u201d. Esto mientras cuestion\u00f3 a su contendor, Luiz In\u00e1cio Lula da Silva, por su relaci\u00f3n pol\u00edtica con algunos jefes de gobierno de Latinoam\u00e9rica.<\/p>\n","protected":false},"author":1,"featured_media":1527,"comment_status":"closed","ping_status":"open","sticky":false,"template":"","format":"standard","meta":{"footnotes":""},"categories":[26],"tags":[],"class_list":["post-1526","post","type-post","status-publish","format-standard","has-post-thumbnail","hentry","category-camara-de-diputadas-y-diputados"],"_links":{"self":[{"href":"https:\/\/minutaregional.cl\/index.php?rest_route=\/wp\/v2\/posts\/1526","targetHints":{"allow":["GET"]}}],"collection":[{"href":"https:\/\/minutaregional.cl\/index.php?rest_route=\/wp\/v2\/posts"}],"about":[{"href":"https:\/\/minutaregional.cl\/index.php?rest_route=\/wp\/v2\/types\/post"}],"author":[{"embeddable":true,"href":"https:\/\/minutaregional.cl\/index.php?rest_route=\/wp\/v2\/users\/1"}],"replies":[{"embeddable":true,"href":"https:\/\/minutaregional.cl\/index.php?rest_route=%2Fwp%2Fv2%2Fcomments&post=1526"}],"version-history":[{"count":1,"href":"https:\/\/minutaregional.cl\/index.php?rest_route=\/wp\/v2\/posts\/1526\/revisions"}],"predecessor-version":[{"id":1528,"href":"https:\/\/minutaregional.cl\/index.php?rest_route=\/wp\/v2\/posts\/1526\/revisions\/1528"}],"wp:featuredmedia":[{"embeddable":true,"href":"https:\/\/minutaregional.cl\/index.php?rest_route=\/wp\/v2\/media\/1527"}],"wp:attachment":[{"href":"https:\/\/minutaregional.cl\/index.php?rest_route=%2Fwp%2Fv2%2Fmedia&parent=1526"}],"wp:term":[{"taxonomy":"category","embeddable":true,"href":"https:\/\/minutaregional.cl\/index.php?rest_route=%2Fwp%2Fv2%2Fcategories&post=1526"},{"taxonomy":"post_tag","embeddable":true,"href":"https:\/\/minutaregional.cl\/index.php?rest_route=%2Fwp%2Fv2%2Ftags&post=1526"}],"curies":[{"name":"wp","href":"https:\/\/api.w.org\/{rel}","templated":true}]}}